{"id":10399,"date":"2026-01-20T15:43:15","date_gmt":"2026-01-20T14:43:15","guid":{"rendered":"https:\/\/www.actioninnocencemonaco.com\/?p=10399"},"modified":"2026-01-20T16:05:37","modified_gmt":"2026-01-20T15:05:37","slug":"evenements-aimc-3-5-fevrier-2026-a-monaco","status":"publish","type":"post","link":"https:\/\/www.actioninnocencemonaco.com\/fr\/evenements-aimc-3-5-fevrier-2026-a-monaco\/","title":{"rendered":"\u00c9v\u00e9nements AIMC \u2013 3 &#038; 5 f\u00e9vrier 2026 \u00e0 Monaco"},"content":{"rendered":"\n<h3 class=\"wp-block-heading\">Accompagner les parents et les familles face aux enjeux du num\u00e9rique<\/h3>\n\n\n\n<p>Dans le cadre de sa mission de protection des enfants en ligne et d\u2019accompagnement des familles, <strong>Action Innocence Monaco (AIMC)<\/strong> organise <strong>deux \u00e9v\u00e9nements \u00e0 destination des parents en f\u00e9vrier 2026 \u00e0 Monaco<\/strong>.<\/p>\n\n\n\n<p>Ces rencontres ont pour objectif d\u2019informer, de sensibiliser et de favoriser le dialogue autour de th\u00e9matiques essentielles telles que les usages num\u00e9riques, les risques en ligne, la pubert\u00e9, la sexualit\u00e9 et l\u2019exposition \u00e0 des contenus inappropri\u00e9s.<\/p>\n\n\n\n<hr class=\"wp-block-separator has-alpha-channel-opacity\"\/>\n\n\n\n<figure class=\"wp-block-image size-large\"><img decoding=\"async\" width=\"724\" height=\"1024\" src=\"https:\/\/mluscajs1eaw.i.optimole.com\/cb:cWFf.40cfa\/w:724\/h:1024\/q:mauto\/ig:avif\/f:best\/https:\/\/www.actioninnocencemonaco.com\/wp-content\/uploads\/2026\/01\/new-instagram_image_1_1.png\" alt=\"\" class=\"wp-image-10400\" srcset=\"https:\/\/mluscajs1eaw.i.optimole.com\/cb:cWFf.40cfa\/w:724\/h:1024\/q:mauto\/ig:avif\/f:best\/https:\/\/www.actioninnocencemonaco.com\/wp-content\/uploads\/2026\/01\/new-instagram_image_1_1.png 724w, https:\/\/mluscajs1eaw.i.optimole.com\/cb:cWFf.40cfa\/w:212\/h:300\/q:mauto\/ig:avif\/f:best\/https:\/\/www.actioninnocencemonaco.com\/wp-content\/uploads\/2026\/01\/new-instagram_image_1_1.png 212w, https:\/\/mluscajs1eaw.i.optimole.com\/cb:cWFf.40cfa\/w:768\/h:1086\/q:mauto\/ig:avif\/f:best\/https:\/\/www.actioninnocencemonaco.com\/wp-content\/uploads\/2026\/01\/new-instagram_image_1_1.png 768w, https:\/\/mluscajs1eaw.i.optimole.com\/cb:cWFf.40cfa\/w:1061\/h:1500\/q:mauto\/ig:avif\/f:best\/https:\/\/www.actioninnocencemonaco.com\/wp-content\/uploads\/2026\/01\/new-instagram_image_1_1.png 1086w, https:\/\/mluscajs1eaw.i.optimole.com\/cb:cWFf.40cfa\/w:1061\/h:1500\/q:mauto\/ig:avif\/f:best\/https:\/\/www.actioninnocencemonaco.com\/wp-content\/uploads\/2026\/01\/new-instagram_image_1_1.png 1448w, https:\/\/mluscajs1eaw.i.optimole.com\/cb:cWFf.40cfa\/w:750\/h:1061\/q:mauto\/ig:avif\/f:best\/https:\/\/www.actioninnocencemonaco.com\/wp-content\/uploads\/2026\/01\/new-instagram_image_1_1.png 750w, https:\/\/mluscajs1eaw.i.optimole.com\/cb:cWFf.40cfa\/w:540\/h:764\/q:mauto\/ig:avif\/f:best\/https:\/\/www.actioninnocencemonaco.com\/wp-content\/uploads\/2026\/01\/new-instagram_image_1_1.png 540w, https:\/\/mluscajs1eaw.i.optimole.com\/cb:cWFf.40cfa\/w:283\/h:400\/q:mauto\/ig:avif\/f:best\/https:\/\/www.actioninnocencemonaco.com\/wp-content\/uploads\/2026\/01\/new-instagram_image_1_1.png 283w\" sizes=\"(max-width: 724px) 100vw, 724px\" \/><\/figure>\n\n\n\n<h3 class=\"wp-block-heading\"><strong>\ud83d\udccc Caf\u00e9 parents \u2013 \u00c9changes et partages d\u2019exp\u00e9riences<\/strong><\/h3>\n\n\n\n<p><strong>\ud83d\uddd3 Mardi 3 f\u00e9vrier 2026 \u2013 18h00<\/strong><br>\ud83d\udccd <em>Casa d\u2019i Soci \u2013 Maison des Associations, Monaco<\/em><\/p>\n\n\n\n<p><strong>Chers parents,<\/strong><br>Parler de la pubert\u00e9, de la sexualit\u00e9 ou encore de la pornographie avec son enfant n\u2019est jamais simple. Pourtant, un rapport r\u00e9cent du S\u00e9nat Fran\u00e7ais estime qu\u2019un enfant sur deux a \u00e9t\u00e9 expos\u00e9 \u00e0 des contenus pornographiques d\u00e8s l\u2019\u00e9cole primaire, via les r\u00e9seaux sociaux, les jeux vid\u00e9o ou encore la t\u00e9l\u00e9vision.<\/p>\n\n\n\n<p>Ces contenus peuvent les heurter et il est essentiel de favoriser un dialogue adapt\u00e9 \u00e0 leur \u00e2ge.<br>C\u2019est pourquoi le Centre Mon\u00e9gasque de D\u00e9pistage du CHPG et l\u2019association Action Innocence Monaco vous invitent \u00e0 un moment convivial d\u2019\u00e9changes et de partage d\u2019exp\u00e9riences, anim\u00e9 par des professionnels de sant\u00e9 (m\u00e9decin, psychologue, infirmi\u00e8re).<br>Cette rencontre a pour objectif de vous aider \u00e0 trouver les cl\u00e9s de communication pour aborder ces sujets sensibles avec votre enfant. <strong>Inscription obligatoire \u2013 voir le flyer ci-dessous.<\/strong><\/p>\n\n\n\n<p>\u26a0\ufe0f <em>Places limit\u00e9es (40 parents)<\/em><\/p>\n\n\n\n<hr class=\"wp-block-separator has-alpha-channel-opacity\"\/>\n\n\n\n<figure class=\"wp-block-image size-large\"><img decoding=\"async\" width=\"724\" height=\"1024\" src=\"https:\/\/mluscajs1eaw.i.optimole.com\/cb:cWFf.40cfa\/w:724\/h:1024\/q:mauto\/ig:avif\/f:best\/https:\/\/www.actioninnocencemonaco.com\/wp-content\/uploads\/2026\/01\/new-instagram_image_2_1.png\" alt=\"\" class=\"wp-image-10402\" srcset=\"https:\/\/mluscajs1eaw.i.optimole.com\/cb:cWFf.40cfa\/w:724\/h:1024\/q:mauto\/ig:avif\/f:best\/https:\/\/www.actioninnocencemonaco.com\/wp-content\/uploads\/2026\/01\/new-instagram_image_2_1.png 724w, https:\/\/mluscajs1eaw.i.optimole.com\/cb:cWFf.40cfa\/w:212\/h:300\/q:mauto\/ig:avif\/f:best\/https:\/\/www.actioninnocencemonaco.com\/wp-content\/uploads\/2026\/01\/new-instagram_image_2_1.png 212w, https:\/\/mluscajs1eaw.i.optimole.com\/cb:cWFf.40cfa\/w:768\/h:1086\/q:mauto\/ig:avif\/f:best\/https:\/\/www.actioninnocencemonaco.com\/wp-content\/uploads\/2026\/01\/new-instagram_image_2_1.png 768w, https:\/\/mluscajs1eaw.i.optimole.com\/cb:cWFf.40cfa\/w:1061\/h:1500\/q:mauto\/ig:avif\/f:best\/https:\/\/www.actioninnocencemonaco.com\/wp-content\/uploads\/2026\/01\/new-instagram_image_2_1.png 1086w, https:\/\/mluscajs1eaw.i.optimole.com\/cb:cWFf.40cfa\/w:1061\/h:1500\/q:mauto\/ig:avif\/f:best\/https:\/\/www.actioninnocencemonaco.com\/wp-content\/uploads\/2026\/01\/new-instagram_image_2_1.png 1448w, https:\/\/mluscajs1eaw.i.optimole.com\/cb:cWFf.40cfa\/w:750\/h:1061\/q:mauto\/ig:avif\/f:best\/https:\/\/www.actioninnocencemonaco.com\/wp-content\/uploads\/2026\/01\/new-instagram_image_2_1.png 750w, https:\/\/mluscajs1eaw.i.optimole.com\/cb:cWFf.40cfa\/w:540\/h:764\/q:mauto\/ig:avif\/f:best\/https:\/\/www.actioninnocencemonaco.com\/wp-content\/uploads\/2026\/01\/new-instagram_image_2_1.png 540w, https:\/\/mluscajs1eaw.i.optimole.com\/cb:cWFf.40cfa\/w:283\/h:400\/q:mauto\/ig:avif\/f:best\/https:\/\/www.actioninnocencemonaco.com\/wp-content\/uploads\/2026\/01\/new-instagram_image_2_1.png 283w\" sizes=\"(max-width: 724px) 100vw, 724px\" \/><\/figure>\n\n\n\n<h3 class=\"wp-block-heading\"><strong>\ud83d\udccc R\u00e9union d\u2019information sur le num\u00e9rique<\/strong><\/h3>\n\n\n\n<p><strong>\ud83d\uddd3 Jeudi 5 f\u00e9vrier 2026 \u2013 18h00<\/strong><br>\ud83d\udccd <em>Casa d\u2019i Soci \u2013 Maison des Associations, Monaco<\/em><\/p>\n\n\n\n<p><strong>Chers parents,<\/strong><br>Dans le cadre de nos actions de pr\u00e9vention et d\u2019accompagnement \u00e0 destination des familles, nous organisons prochainement une r\u00e9union d&rsquo;information g\u00e9n\u00e9rale sur le bon usage des outils num\u00e9riques ou nos \u00e9quipes feront un retour de l&rsquo;utilisation des outils num\u00e9riques par les primaires en principaut\u00e9 et des retours terrains de nos \u00e9changes avec ces jeunes.<\/p>\n\n\n\n<p>Cette r\u00e9union d\u2019information permettra d\u2019aborder notamment :<\/p>\n\n\n\n<ul>\n<li>l\u2019impact des \u00e9crans sur le d\u00e9veloppement des enfants ;<\/li>\n\n\n\n<li>la compr\u00e9hension des algorithmes des r\u00e9seaux sociaux ;<\/li>\n\n\n\n<li>les risques li\u00e9s aux jeux en ligne (ex. Roblox) ;<\/li>\n\n\n\n<li>le rep\u00e9rage et la gestion des situations de harc\u00e8lement.<\/li>\n<\/ul>\n\n\n\n<p>Elle s\u2019adresse \u00e0 tous les parents souhaitant mieux comprendre les usages num\u00e9riques actuels et disposer de rep\u00e8res concrets pour accompagner leurs enfants au quotidien.<\/p>\n\n\n\n<p>\u26a0\ufe0f <em>Inscription obligatoire \u2013 voir le flyer ci-dessous.<\/em><\/p>\n\n\n\n<hr class=\"wp-block-separator has-alpha-channel-opacity\"\/>\n\n\n\n<h3 class=\"wp-block-heading\"><strong>\ud83d\udcc4 Informations pratiques<\/strong><\/h3>\n\n\n\n<p>\ud83d\udccd Lieu : Casa d\u2019i Soci \u2013 2 bis Promenade Honor\u00e9 II, Monaco<br>\u23f0 Horaire : 18h00<br>\ud83d\udce9 Inscriptions : via le lien en ligne, par t\u00e9l\u00e9phone ou via le QR code (voir flyers)<\/p>\n\n\n\n<hr class=\"wp-block-separator has-alpha-channel-opacity\"\/>\n\n\n\n<p><strong>Action Innocence Monaco<\/strong> poursuit son engagement en faveur de la protection des enfants, du respect de leurs droits et de l\u2019accompagnement des parents face aux d\u00e9fis du num\u00e9rique.<\/p>\n\n\n\n<p>\u27a1\ufe0f <em>Retrouvez ci-dessous les deux flyers avec l\u2019ensemble des informations pratiques et modalit\u00e9s d\u2019inscription.<\/em><\/p>\n\n\n\n<hr class=\"wp-block-separator has-alpha-channel-opacity\"\/>\n\n\n\n<ul class=\"wp-block-social-links is-layout-flex wp-block-social-links-is-layout-flex\"><li class=\"wp-social-link wp-social-link-instagram  wp-block-social-link\"><a href=\"https:\/\/www.instagram.com\/action_innocence_monaco\/\" class=\"wp-block-social-link-anchor\"><svg width=\"24\" height=\"24\" viewBox=\"0 0 24 24\" version=\"1.1\" xmlns=\"http:\/\/www.w3.org\/2000\/svg\" aria-hidden=\"true\" focusable=\"false\"><path d=\"M12,4.622c2.403,0,2.688,0.009,3.637,0.052c0.877,0.04,1.354,0.187,1.671,0.31c0.42,0.163,0.72,0.358,1.035,0.673 c0.315,0.315,0.51,0.615,0.673,1.035c0.123,0.317,0.27,0.794,0.31,1.671c0.043,0.949,0.052,1.234,0.052,3.637 s-0.009,2.688-0.052,3.637c-0.04,0.877-0.187,1.354-0.31,1.671c-0.163,0.42-0.358,0.72-0.673,1.035 c-0.315,0.315-0.615,0.51-1.035,0.673c-0.317,0.123-0.794,0.27-1.671,0.31c-0.949,0.043-1.233,0.052-3.637,0.052 s-2.688-0.009-3.637-0.052c-0.877-0.04-1.354-0.187-1.671-0.31c-0.42-0.163-0.72-0.358-1.035-0.673 c-0.315-0.315-0.51-0.615-0.673-1.035c-0.123-0.317-0.27-0.794-0.31-1.671C4.631,14.688,4.622,14.403,4.622,12 s0.009-2.688,0.052-3.637c0.04-0.877,0.187-1.354,0.31-1.671c0.163-0.42,0.358-0.72,0.673-1.035 c0.315-0.315,0.615-0.51,1.035-0.673c0.317-0.123,0.794-0.27,1.671-0.31C9.312,4.631,9.597,4.622,12,4.622 M12,3 C9.556,3,9.249,3.01,8.289,3.054C7.331,3.098,6.677,3.25,6.105,3.472C5.513,3.702,5.011,4.01,4.511,4.511 c-0.5,0.5-0.808,1.002-1.038,1.594C3.25,6.677,3.098,7.331,3.054,8.289C3.01,9.249,3,9.556,3,12c0,2.444,0.01,2.751,0.054,3.711 c0.044,0.958,0.196,1.612,0.418,2.185c0.23,0.592,0.538,1.094,1.038,1.594c0.5,0.5,1.002,0.808,1.594,1.038 c0.572,0.222,1.227,0.375,2.185,0.418C9.249,20.99,9.556,21,12,21s2.751-0.01,3.711-0.054c0.958-0.044,1.612-0.196,2.185-0.418 c0.592-0.23,1.094-0.538,1.594-1.038c0.5-0.5,0.808-1.002,1.038-1.594c0.222-0.572,0.375-1.227,0.418-2.185 C20.99,14.751,21,14.444,21,12s-0.01-2.751-0.054-3.711c-0.044-0.958-0.196-1.612-0.418-2.185c-0.23-0.592-0.538-1.094-1.038-1.594 c-0.5-0.5-1.002-0.808-1.594-1.038c-0.572-0.222-1.227-0.375-2.185-0.418C14.751,3.01,14.444,3,12,3L12,3z M12,7.378 c-2.552,0-4.622,2.069-4.622,4.622S9.448,16.622,12,16.622s4.622-2.069,4.622-4.622S14.552,7.378,12,7.378z M12,15 c-1.657,0-3-1.343-3-3s1.343-3,3-3s3,1.343,3,3S13.657,15,12,15z M16.804,6.116c-0.596,0-1.08,0.484-1.08,1.08 s0.484,1.08,1.08,1.08c0.596,0,1.08-0.484,1.08-1.08S17.401,6.116,16.804,6.116z\"><\/path><\/svg><span class=\"wp-block-social-link-label screen-reader-text\">Instagram<\/span><\/a><\/li>\n\n<li class=\"wp-social-link wp-social-link-facebook  wp-block-social-link\"><a href=\"https:\/\/www.facebook.com\/actioninnocencemonaco\" class=\"wp-block-social-link-anchor\"><svg width=\"24\" height=\"24\" viewBox=\"0 0 24 24\" version=\"1.1\" xmlns=\"http:\/\/www.w3.org\/2000\/svg\" aria-hidden=\"true\" focusable=\"false\"><path d=\"M12 2C6.5 2 2 6.5 2 12c0 5 3.7 9.1 8.4 9.9v-7H7.9V12h2.5V9.8c0-2.5 1.5-3.9 3.8-3.9 1.1 0 2.2.2 2.2.2v2.5h-1.3c-1.2 0-1.6.8-1.6 1.6V12h2.8l-.4 2.9h-2.3v7C18.3 21.1 22 17 22 12c0-5.5-4.5-10-10-10z\"><\/path><\/svg><span class=\"wp-block-social-link-label screen-reader-text\">Facebook<\/span><\/a><\/li>\n\n<li class=\"wp-social-link wp-social-link-twitter  wp-block-social-link\"><a href=\"https:\/\/twitter.com\/actionmonaco\" class=\"wp-block-social-link-anchor\"><svg width=\"24\" height=\"24\" viewBox=\"0 0 24 24\" version=\"1.1\" xmlns=\"http:\/\/www.w3.org\/2000\/svg\" aria-hidden=\"true\" focusable=\"false\"><path d=\"M22.23,5.924c-0.736,0.326-1.527,0.547-2.357,0.646c0.847-0.508,1.498-1.312,1.804-2.27 c-0.793,0.47-1.671,0.812-2.606,0.996C18.324,4.498,17.257,4,16.077,4c-2.266,0-4.103,1.837-4.103,4.103 c0,0.322,0.036,0.635,0.106,0.935C8.67,8.867,5.647,7.234,3.623,4.751C3.27,5.357,3.067,6.062,3.067,6.814 c0,1.424,0.724,2.679,1.825,3.415c-0.673-0.021-1.305-0.206-1.859-0.513c0,0.017,0,0.034,0,0.052c0,1.988,1.414,3.647,3.292,4.023 c-0.344,0.094-0.707,0.144-1.081,0.144c-0.264,0-0.521-0.026-0.772-0.074c0.522,1.63,2.038,2.816,3.833,2.85 c-1.404,1.1-3.174,1.756-5.096,1.756c-0.331,0-0.658-0.019-0.979-0.057c1.816,1.164,3.973,1.843,6.29,1.843 c7.547,0,11.675-6.252,11.675-11.675c0-0.178-0.004-0.355-0.012-0.531C20.985,7.47,21.68,6.747,22.23,5.924z\"><\/path><\/svg><span class=\"wp-block-social-link-label screen-reader-text\">Twitter<\/span><\/a><\/li>\n\n<li class=\"wp-social-link wp-social-link-linkedin  wp-block-social-link\"><a href=\"https:\/\/www.linkedin.com\/in\/aimc-action-innocence-monaco-29219a198\/\" class=\"wp-block-social-link-anchor\"><svg width=\"24\" height=\"24\" viewBox=\"0 0 24 24\" version=\"1.1\" xmlns=\"http:\/\/www.w3.org\/2000\/svg\" aria-hidden=\"true\" focusable=\"false\"><path d=\"M19.7,3H4.3C3.582,3,3,3.582,3,4.3v15.4C3,20.418,3.582,21,4.3,21h15.4c0.718,0,1.3-0.582,1.3-1.3V4.3 C21,3.582,20.418,3,19.7,3z M8.339,18.338H5.667v-8.59h2.672V18.338z M7.004,8.574c-0.857,0-1.549-0.694-1.549-1.548 c0-0.855,0.691-1.548,1.549-1.548c0.854,0,1.547,0.694,1.547,1.548C8.551,7.881,7.858,8.574,7.004,8.574z M18.339,18.338h-2.669 v-4.177c0-0.996-0.017-2.278-1.387-2.278c-1.389,0-1.601,1.086-1.601,2.206v4.249h-2.667v-8.59h2.559v1.174h0.037 c0.356-0.675,1.227-1.387,2.526-1.387c2.703,0,3.203,1.779,3.203,4.092V18.338z\"><\/path><\/svg><span class=\"wp-block-social-link-label screen-reader-text\">LinkedIn<\/span><\/a><\/li>\n\n<li class=\"wp-social-link wp-social-link-youtube  wp-block-social-link\"><a href=\"https:\/\/www.youtube.com\/@aimc-actioninnocencemonaco\" class=\"wp-block-social-link-anchor\"><svg width=\"24\" height=\"24\" viewBox=\"0 0 24 24\" version=\"1.1\" xmlns=\"http:\/\/www.w3.org\/2000\/svg\" aria-hidden=\"true\" focusable=\"false\"><path d=\"M21.8,8.001c0,0-0.195-1.378-0.795-1.985c-0.76-0.797-1.613-0.801-2.004-0.847c-2.799-0.202-6.997-0.202-6.997-0.202 h-0.009c0,0-4.198,0-6.997,0.202C4.608,5.216,3.756,5.22,2.995,6.016C2.395,6.623,2.2,8.001,2.2,8.001S2,9.62,2,11.238v1.517 c0,1.618,0.2,3.237,0.2,3.237s0.195,1.378,0.795,1.985c0.761,0.797,1.76,0.771,2.205,0.855c1.6,0.153,6.8,0.201,6.8,0.201 s4.203-0.006,7.001-0.209c0.391-0.047,1.243-0.051,2.004-0.847c0.6-0.607,0.795-1.985,0.795-1.985s0.2-1.618,0.2-3.237v-1.517 C22,9.62,21.8,8.001,21.8,8.001z M9.935,14.594l-0.001-5.62l5.404,2.82L9.935,14.594z\"><\/path><\/svg><span class=\"wp-block-social-link-label screen-reader-text\">YouTube<\/span><\/a><\/li>\n\n<\/ul>\n\n\n\n<hr class=\"wp-block-separator has-alpha-channel-opacity\"\/>\n\n\n\n<p>ACTION INNOCENCE MONACO \u00ab\u00a0Le Continental A\u00a0\u00bb. Place des Moulins . 98000 Monaco<\/p>\n\n\n\n<p>T\u00e9l. +377 97 77 51 11   Mail : actioninnocencemonaco@gmail.com  Website : www.aimc.mc<\/p>\n\n\n\n<blockquote class=\"wp-block-quote\">\n<p><strong><span class=\"highlight\"><o-anim-typing>Action Innocence Monaco lutte pour pr\u00e9server la dignit\u00e9 et l\u2019int\u00e9grit\u00e9 des enfants sur Internet.<\/o-anim-typing><\/span><\/strong><\/p>\n<\/blockquote>\n","protected":false},"excerpt":{"rendered":"<p>Accompagner les parents et les familles face aux enjeux du num\u00e9rique Dans le cadre de sa mission de protection des enfants en ligne et d\u2019accompagnement des familles, Action Innocence Monaco (AIMC) organise deux \u00e9v\u00e9nements \u00e0 destination des parents en f\u00e9vrier 2026 \u00e0 Monaco. Ces rencontres ont pour objectif d\u2019informer, de sensibiliser et de favoriser le [&hellip;]<\/p>\n","protected":false},"author":234,"featured_media":10414,"comment_status":"open","ping_status":"open","sticky":false,"template":"","format":"standard","meta":{"_bbp_topic_count":0,"_bbp_reply_count":0,"_bbp_total_topic_count":0,"_bbp_total_reply_count":0,"_bbp_voice_count":0,"_bbp_anonymous_reply_count":0,"_bbp_topic_count_hidden":0,"_bbp_reply_count_hidden":0,"_bbp_forum_subforum_count":0,"ngg_post_thumbnail":0,"_themeisle_gutenberg_block_has_review":false,"footnotes":""},"categories":["1","16","17","95","109","110","116","121","122","123","124","126"],"tags":[],"yoast_head":"<!-- This site is optimized with the Yoast SEO plugin v22.6 - https:\/\/yoast.com\/wordpress\/plugins\/seo\/ -->\n<title>\u00c9v\u00e9nements AIMC \u2013 3 &amp; 5 f\u00e9vrier 2026 \u00e0 Monaco - Action Innocence Monaco<\/title>\n<meta name=\"description\" content=\"Action Innocence Monaco informe et de sensibilise les jeunes, les parents et les professionnels sur les risques et les d\u00e9rives li\u00e9s \u00e0 l\u2019usage d\u2019Internet et lutte contre la p\u00e9docriminalit\u00e9 sur Internet.\" class=\"yoast-seo-meta-tag\" \/>\n<meta name=\"robots\" content=\"index, follow, max-snippet:-1, max-image-preview:large, max-video-preview:-1\" \/>\n<link rel=\"canonical\" href=\"https:\/\/www.actioninnocencemonaco.com\/fr\/evenements-aimc-3-5-fevrier-2026-a-monaco\/\" class=\"yoast-seo-meta-tag\" \/>\n<meta property=\"og:locale\" content=\"fr_FR\" class=\"yoast-seo-meta-tag\" \/>\n<meta property=\"og:type\" content=\"article\" class=\"yoast-seo-meta-tag\" \/>\n<meta property=\"og:title\" content=\"\u00c9v\u00e9nements AIMC \u2013 3 &amp; 5 f\u00e9vrier 2026 \u00e0 Monaco - Action Innocence Monaco\" class=\"yoast-seo-meta-tag\" \/>\n<meta property=\"og:description\" content=\"Action Innocence Monaco informe et de sensibilise les jeunes, les parents et les professionnels sur les risques et les d\u00e9rives li\u00e9s \u00e0 l\u2019usage d\u2019Internet et lutte contre la p\u00e9docriminalit\u00e9 sur Internet.\" class=\"yoast-seo-meta-tag\" \/>\n<meta property=\"og:url\" content=\"https:\/\/www.actioninnocencemonaco.com\/fr\/evenements-aimc-3-5-fevrier-2026-a-monaco\/\" class=\"yoast-seo-meta-tag\" \/>\n<meta property=\"og:site_name\" content=\"Action Innocence Monaco\" class=\"yoast-seo-meta-tag\" \/>\n<meta property=\"article:publisher\" content=\"https:\/\/www.facebook.com\/actioninnocencemonaco\" class=\"yoast-seo-meta-tag\" \/>\n<meta property=\"article:published_time\" content=\"2026-01-20T14:43:15+00:00\" class=\"yoast-seo-meta-tag\" \/>\n<meta property=\"article:modified_time\" content=\"2026-01-20T15:05:37+00:00\" class=\"yoast-seo-meta-tag\" \/>\n<meta property=\"og:image\" content=\"https:\/\/mluscajs1eaw.i.optimole.com\/cb:cWFf.40cfa\/w:auto\/h:auto\/q:mauto\/ig:avif\/f:best\/https:\/\/www.actioninnocencemonaco.com\/wp-content\/uploads\/2026\/01\/combined_flyers_side_by_side.png\" class=\"yoast-seo-meta-tag\" \/>\n\t<meta property=\"og:image:width\" content=\"2896\" class=\"yoast-seo-meta-tag\" \/>\n\t<meta property=\"og:image:height\" content=\"2047\" class=\"yoast-seo-meta-tag\" \/>\n\t<meta property=\"og:image:type\" content=\"image\/png\" class=\"yoast-seo-meta-tag\" \/>\n<meta name=\"author\" content=\"AIMC Communication\" class=\"yoast-seo-meta-tag\" \/>\n<meta name=\"twitter:card\" content=\"summary_large_image\" class=\"yoast-seo-meta-tag\" \/>\n<meta name=\"twitter:creator\" content=\"@ActionMonaco\" class=\"yoast-seo-meta-tag\" \/>\n<meta name=\"twitter:site\" content=\"@ActionMonaco\" class=\"yoast-seo-meta-tag\" \/>\n<meta name=\"twitter:label1\" content=\"\u00c9crit par\" class=\"yoast-seo-meta-tag\" \/>\n\t<meta name=\"twitter:data1\" content=\"AIMC Communication\" class=\"yoast-seo-meta-tag\" \/>\n\t<meta name=\"twitter:label2\" content=\"Dur\u00e9e de lecture estim\u00e9e\" class=\"yoast-seo-meta-tag\" \/>\n\t<meta name=\"twitter:data2\" content=\"4 minutes\" class=\"yoast-seo-meta-tag\" \/>\n<script type=\"application\/ld+json\" class=\"yoast-schema-graph\">{\"@context\":\"https:\/\/schema.org\",\"@graph\":[{\"@type\":\"Article\",\"@id\":\"https:\/\/www.actioninnocencemonaco.com\/fr\/evenements-aimc-3-5-fevrier-2026-a-monaco\/#article\",\"isPartOf\":{\"@id\":\"https:\/\/www.actioninnocencemonaco.com\/fr\/evenements-aimc-3-5-fevrier-2026-a-monaco\/\"},\"author\":{\"name\":\"AIMC Communication\",\"@id\":\"https:\/\/www.actioninnocencemonaco.com\/fr\/#\/schema\/person\/88fbfd7563c6d5fa004ae0b901f10cf4\"},\"headline\":\"\u00c9v\u00e9nements AIMC \u2013 3 &#038; 5 f\u00e9vrier 2026 \u00e0 Monaco\",\"datePublished\":\"2026-01-20T14:43:15+00:00\",\"dateModified\":\"2026-01-20T15:05:37+00:00\",\"mainEntityOfPage\":{\"@id\":\"https:\/\/www.actioninnocencemonaco.com\/fr\/evenements-aimc-3-5-fevrier-2026-a-monaco\/\"},\"wordCount\":541,\"commentCount\":0,\"publisher\":{\"@id\":\"https:\/\/www.actioninnocencemonaco.com\/fr\/#organization\"},\"image\":{\"@id\":\"https:\/\/www.actioninnocencemonaco.com\/fr\/evenements-aimc-3-5-fevrier-2026-a-monaco\/#primaryimage\"},\"thumbnailUrl\":\"https:\/\/mluscajs1eaw.i.optimole.com\/cb:cWFf.40cfa\/w:2000\/h:1414\/q:mauto\/ig:avif\/f:best\/https:\/\/www.actioninnocencemonaco.com\/wp-content\/uploads\/2026\/01\/combined_flyers_side_by_side.png\",\"articleSection\":[\"Uncategorized\",\"Events\",\"News\",\"Non classifi\u00e9(e)\",\"Ev\u00e9nements\",\"News\",\"#20ansAIMC\",\"Videos\",\"Campaigns\",\"Campaigns\",\"Videos\",\"Monaco\"],\"inLanguage\":\"fr-FR\",\"potentialAction\":[{\"@type\":\"CommentAction\",\"name\":\"Comment\",\"target\":[\"https:\/\/www.actioninnocencemonaco.com\/fr\/evenements-aimc-3-5-fevrier-2026-a-monaco\/#respond\"]}]},{\"@type\":\"WebPage\",\"@id\":\"https:\/\/www.actioninnocencemonaco.com\/fr\/evenements-aimc-3-5-fevrier-2026-a-monaco\/\",\"url\":\"https:\/\/www.actioninnocencemonaco.com\/fr\/evenements-aimc-3-5-fevrier-2026-a-monaco\/\",\"name\":\"\u00c9v\u00e9nements AIMC \u2013 3 & 5 f\u00e9vrier 2026 \u00e0 Monaco - Action Innocence Monaco\",\"isPartOf\":{\"@id\":\"https:\/\/www.actioninnocencemonaco.com\/fr\/#website\"},\"primaryImageOfPage\":{\"@id\":\"https:\/\/www.actioninnocencemonaco.com\/fr\/evenements-aimc-3-5-fevrier-2026-a-monaco\/#primaryimage\"},\"image\":{\"@id\":\"https:\/\/www.actioninnocencemonaco.com\/fr\/evenements-aimc-3-5-fevrier-2026-a-monaco\/#primaryimage\"},\"thumbnailUrl\":\"https:\/\/mluscajs1eaw.i.optimole.com\/cb:cWFf.40cfa\/w:2000\/h:1414\/q:mauto\/ig:avif\/f:best\/https:\/\/www.actioninnocencemonaco.com\/wp-content\/uploads\/2026\/01\/combined_flyers_side_by_side.png\",\"datePublished\":\"2026-01-20T14:43:15+00:00\",\"dateModified\":\"2026-01-20T15:05:37+00:00\",\"description\":\"Action Innocence Monaco informe et de sensibilise les jeunes, les parents et les professionnels sur les risques et les d\u00e9rives li\u00e9s \u00e0 l\u2019usage d\u2019Internet et lutte contre la p\u00e9docriminalit\u00e9 sur Internet.\",\"breadcrumb\":{\"@id\":\"https:\/\/www.actioninnocencemonaco.com\/fr\/evenements-aimc-3-5-fevrier-2026-a-monaco\/#breadcrumb\"},\"inLanguage\":\"fr-FR\",\"potentialAction\":[{\"@type\":\"ReadAction\",\"target\":[\"https:\/\/www.actioninnocencemonaco.com\/fr\/evenements-aimc-3-5-fevrier-2026-a-monaco\/\"]}]},{\"@type\":\"ImageObject\",\"inLanguage\":\"fr-FR\",\"@id\":\"https:\/\/www.actioninnocencemonaco.com\/fr\/evenements-aimc-3-5-fevrier-2026-a-monaco\/#primaryimage\",\"url\":\"https:\/\/mluscajs1eaw.i.optimole.com\/cb:cWFf.40cfa\/w:2000\/h:1414\/q:mauto\/ig:avif\/f:best\/https:\/\/www.actioninnocencemonaco.com\/wp-content\/uploads\/2026\/01\/combined_flyers_side_by_side.png\",\"contentUrl\":\"https:\/\/mluscajs1eaw.i.optimole.com\/cb:cWFf.40cfa\/w:2000\/h:1414\/q:mauto\/ig:avif\/f:best\/https:\/\/www.actioninnocencemonaco.com\/wp-content\/uploads\/2026\/01\/combined_flyers_side_by_side.png\",\"width\":2896,\"height\":2047},{\"@type\":\"BreadcrumbList\",\"@id\":\"https:\/\/www.actioninnocencemonaco.com\/fr\/evenements-aimc-3-5-fevrier-2026-a-monaco\/#breadcrumb\",\"itemListElement\":[{\"@type\":\"ListItem\",\"position\":1,\"name\":\"Accueil\",\"item\":\"https:\/\/www.actioninnocencemonaco.com\/fr\/\"},{\"@type\":\"ListItem\",\"position\":2,\"name\":\"\u00c9v\u00e9nements AIMC \u2013 3 &#038; 5 f\u00e9vrier 2026 \u00e0 Monaco\"}]},{\"@type\":\"WebSite\",\"@id\":\"https:\/\/www.actioninnocencemonaco.com\/fr\/#website\",\"url\":\"https:\/\/www.actioninnocencemonaco.com\/fr\/\",\"name\":\"Action Innocence Monaco\",\"description\":\"Oui \u00e0 L\u2019Internet, Non \u00e0 ses dangers !\",\"publisher\":{\"@id\":\"https:\/\/www.actioninnocencemonaco.com\/fr\/#organization\"},\"potentialAction\":[{\"@type\":\"SearchAction\",\"target\":{\"@type\":\"EntryPoint\",\"urlTemplate\":\"https:\/\/www.actioninnocencemonaco.com\/fr\/?s={search_term_string}\"},\"query-input\":\"required name=search_term_string\"}],\"inLanguage\":\"fr-FR\"},{\"@type\":\"Organization\",\"@id\":\"https:\/\/www.actioninnocencemonaco.com\/fr\/#organization\",\"name\":\"Action Innocence Monaco\",\"url\":\"https:\/\/www.actioninnocencemonaco.com\/fr\/\",\"logo\":{\"@type\":\"ImageObject\",\"inLanguage\":\"fr-FR\",\"@id\":\"https:\/\/www.actioninnocencemonaco.com\/fr\/#\/schema\/logo\/image\/\",\"url\":\"https:\/\/mluscajs1eaw.i.optimole.com\/cb:cWFf.40cfa\/w:auto\/h:auto\/q:mauto\/ig:avif\/f:best\/https:\/\/www.actioninnocencemonaco.com\/wp-content\/uploads\/2019\/10\/logo.png\",\"contentUrl\":\"https:\/\/mluscajs1eaw.i.optimole.com\/cb:cWFf.40cfa\/w:auto\/h:auto\/q:mauto\/ig:avif\/f:best\/https:\/\/www.actioninnocencemonaco.com\/wp-content\/uploads\/2019\/10\/logo.png\",\"width\":250,\"height\":94,\"caption\":\"Action Innocence Monaco\"},\"image\":{\"@id\":\"https:\/\/www.actioninnocencemonaco.com\/fr\/#\/schema\/logo\/image\/\"},\"sameAs\":[\"https:\/\/www.facebook.com\/actioninnocencemonaco\",\"https:\/\/x.com\/ActionMonaco\",\"https:\/\/www.instagram.com\/action_innocence_monaco\/\",\"https:\/\/www.linkedin.com\/in\/action-innocence-monaco-29219a198\",\"https:\/\/www.youtube.com\/channel\/UCgDybl4ueHSrLRc0_9E1R8g\"]},{\"@type\":\"Person\",\"@id\":\"https:\/\/www.actioninnocencemonaco.com\/fr\/#\/schema\/person\/88fbfd7563c6d5fa004ae0b901f10cf4\",\"name\":\"AIMC Communication\",\"image\":{\"@type\":\"ImageObject\",\"inLanguage\":\"fr-FR\",\"@id\":\"https:\/\/www.actioninnocencemonaco.com\/fr\/#\/schema\/person\/image\/\",\"url\":\"\/\/www.gravatar.com\/avatar\/cd953f450aaf724d73935e086bcd612c?s=96&#038;r=g&#038;d=mm\",\"contentUrl\":\"\/\/www.gravatar.com\/avatar\/cd953f450aaf724d73935e086bcd612c?s=96&#038;r=g&#038;d=mm\",\"caption\":\"AIMC Communication\"},\"sameAs\":[\"http:\/\/www.actioninnocencemonaco.com\"],\"url\":\"https:\/\/www.actioninnocencemonaco.com\/fr\/\/membres\/aimcom\/\"}]}<\/script>\n<!-- \/ Yoast SEO plugin. -->","yoast_head_json":{"title":"\u00c9v\u00e9nements AIMC \u2013 3 & 5 f\u00e9vrier 2026 \u00e0 Monaco - Action Innocence Monaco","description":"Action Innocence Monaco informe et de sensibilise les jeunes, les parents et les professionnels sur les risques et les d\u00e9rives li\u00e9s \u00e0 l\u2019usage d\u2019Internet et lutte contre la p\u00e9docriminalit\u00e9 sur Internet.","robots":{"index":"index","follow":"follow","max-snippet":"max-snippet:-1","max-image-preview":"max-image-preview:large","max-video-preview":"max-video-preview:-1"},"canonical":"https:\/\/www.actioninnocencemonaco.com\/fr\/evenements-aimc-3-5-fevrier-2026-a-monaco\/","og_locale":"fr_FR","og_type":"article","og_title":"\u00c9v\u00e9nements AIMC \u2013 3 & 5 f\u00e9vrier 2026 \u00e0 Monaco - Action Innocence Monaco","og_description":"Action Innocence Monaco informe et de sensibilise les jeunes, les parents et les professionnels sur les risques et les d\u00e9rives li\u00e9s \u00e0 l\u2019usage d\u2019Internet et lutte contre la p\u00e9docriminalit\u00e9 sur Internet.","og_url":"https:\/\/www.actioninnocencemonaco.com\/fr\/evenements-aimc-3-5-fevrier-2026-a-monaco\/","og_site_name":"Action Innocence Monaco","article_publisher":"https:\/\/www.facebook.com\/actioninnocencemonaco","article_published_time":"2026-01-20T14:43:15+00:00","article_modified_time":"2026-01-20T15:05:37+00:00","og_image":[{"width":2896,"height":2047,"url":"https:\/\/mluscajs1eaw.i.optimole.com\/cb:cWFf.40cfa\/w:auto\/h:auto\/q:mauto\/ig:avif\/f:best\/https:\/\/www.actioninnocencemonaco.com\/wp-content\/uploads\/2026\/01\/combined_flyers_side_by_side.png","type":"image\/png"}],"author":"AIMC Communication","twitter_card":"summary_large_image","twitter_creator":"@ActionMonaco","twitter_site":"@ActionMonaco","twitter_misc":{"\u00c9crit par":"AIMC Communication","Dur\u00e9e de lecture estim\u00e9e":"4 minutes"},"schema":{"@context":"https:\/\/schema.org","@graph":[{"@type":"Article","@id":"https:\/\/www.actioninnocencemonaco.com\/fr\/evenements-aimc-3-5-fevrier-2026-a-monaco\/#article","isPartOf":{"@id":"https:\/\/www.actioninnocencemonaco.com\/fr\/evenements-aimc-3-5-fevrier-2026-a-monaco\/"},"author":{"name":"AIMC Communication","@id":"https:\/\/www.actioninnocencemonaco.com\/fr\/#\/schema\/person\/88fbfd7563c6d5fa004ae0b901f10cf4"},"headline":"\u00c9v\u00e9nements AIMC \u2013 3 &#038; 5 f\u00e9vrier 2026 \u00e0 Monaco","datePublished":"2026-01-20T14:43:15+00:00","dateModified":"2026-01-20T15:05:37+00:00","mainEntityOfPage":{"@id":"https:\/\/www.actioninnocencemonaco.com\/fr\/evenements-aimc-3-5-fevrier-2026-a-monaco\/"},"wordCount":541,"commentCount":0,"publisher":{"@id":"https:\/\/www.actioninnocencemonaco.com\/fr\/#organization"},"image":{"@id":"https:\/\/www.actioninnocencemonaco.com\/fr\/evenements-aimc-3-5-fevrier-2026-a-monaco\/#primaryimage"},"thumbnailUrl":"https:\/\/mluscajs1eaw.i.optimole.com\/cb:cWFf.40cfa\/w:2000\/h:1414\/q:mauto\/ig:avif\/f:best\/https:\/\/www.actioninnocencemonaco.com\/wp-content\/uploads\/2026\/01\/combined_flyers_side_by_side.png","articleSection":["Uncategorized","Events","News","Non classifi\u00e9(e)","Ev\u00e9nements","News","#20ansAIMC","Videos","Campaigns","Campaigns","Videos","Monaco"],"inLanguage":"fr-FR","potentialAction":[{"@type":"CommentAction","name":"Comment","target":["https:\/\/www.actioninnocencemonaco.com\/fr\/evenements-aimc-3-5-fevrier-2026-a-monaco\/#respond"]}]},{"@type":"WebPage","@id":"https:\/\/www.actioninnocencemonaco.com\/fr\/evenements-aimc-3-5-fevrier-2026-a-monaco\/","url":"https:\/\/www.actioninnocencemonaco.com\/fr\/evenements-aimc-3-5-fevrier-2026-a-monaco\/","name":"\u00c9v\u00e9nements AIMC \u2013 3 & 5 f\u00e9vrier 2026 \u00e0 Monaco - Action Innocence Monaco","isPartOf":{"@id":"https:\/\/www.actioninnocencemonaco.com\/fr\/#website"},"primaryImageOfPage":{"@id":"https:\/\/www.actioninnocencemonaco.com\/fr\/evenements-aimc-3-5-fevrier-2026-a-monaco\/#primaryimage"},"image":{"@id":"https:\/\/www.actioninnocencemonaco.com\/fr\/evenements-aimc-3-5-fevrier-2026-a-monaco\/#primaryimage"},"thumbnailUrl":"https:\/\/mluscajs1eaw.i.optimole.com\/cb:cWFf.40cfa\/w:2000\/h:1414\/q:mauto\/ig:avif\/f:best\/https:\/\/www.actioninnocencemonaco.com\/wp-content\/uploads\/2026\/01\/combined_flyers_side_by_side.png","datePublished":"2026-01-20T14:43:15+00:00","dateModified":"2026-01-20T15:05:37+00:00","description":"Action Innocence Monaco informe et de sensibilise les jeunes, les parents et les professionnels sur les risques et les d\u00e9rives li\u00e9s \u00e0 l\u2019usage d\u2019Internet et lutte contre la p\u00e9docriminalit\u00e9 sur Internet.","breadcrumb":{"@id":"https:\/\/www.actioninnocencemonaco.com\/fr\/evenements-aimc-3-5-fevrier-2026-a-monaco\/#breadcrumb"},"inLanguage":"fr-FR","potentialAction":[{"@type":"ReadAction","target":["https:\/\/www.actioninnocencemonaco.com\/fr\/evenements-aimc-3-5-fevrier-2026-a-monaco\/"]}]},{"@type":"ImageObject","inLanguage":"fr-FR","@id":"https:\/\/www.actioninnocencemonaco.com\/fr\/evenements-aimc-3-5-fevrier-2026-a-monaco\/#primaryimage","url":"https:\/\/mluscajs1eaw.i.optimole.com\/cb:cWFf.40cfa\/w:2000\/h:1414\/q:mauto\/ig:avif\/f:best\/https:\/\/www.actioninnocencemonaco.com\/wp-content\/uploads\/2026\/01\/combined_flyers_side_by_side.png","contentUrl":"https:\/\/mluscajs1eaw.i.optimole.com\/cb:cWFf.40cfa\/w:2000\/h:1414\/q:mauto\/ig:avif\/f:best\/https:\/\/www.actioninnocencemonaco.com\/wp-content\/uploads\/2026\/01\/combined_flyers_side_by_side.png","width":2896,"height":2047},{"@type":"BreadcrumbList","@id":"https:\/\/www.actioninnocencemonaco.com\/fr\/evenements-aimc-3-5-fevrier-2026-a-monaco\/#breadcrumb","itemListElement":[{"@type":"ListItem","position":1,"name":"Accueil","item":"https:\/\/www.actioninnocencemonaco.com\/fr\/"},{"@type":"ListItem","position":2,"name":"\u00c9v\u00e9nements AIMC \u2013 3 &#038; 5 f\u00e9vrier 2026 \u00e0 Monaco"}]},{"@type":"WebSite","@id":"https:\/\/www.actioninnocencemonaco.com\/fr\/#website","url":"https:\/\/www.actioninnocencemonaco.com\/fr\/","name":"Action Innocence Monaco","description":"Oui \u00e0 L\u2019Internet, Non \u00e0 ses dangers !","publisher":{"@id":"https:\/\/www.actioninnocencemonaco.com\/fr\/#organization"},"potentialAction":[{"@type":"SearchAction","target":{"@type":"EntryPoint","urlTemplate":"https:\/\/www.actioninnocencemonaco.com\/fr\/?s={search_term_string}"},"query-input":"required name=search_term_string"}],"inLanguage":"fr-FR"},{"@type":"Organization","@id":"https:\/\/www.actioninnocencemonaco.com\/fr\/#organization","name":"Action Innocence Monaco","url":"https:\/\/www.actioninnocencemonaco.com\/fr\/","logo":{"@type":"ImageObject","inLanguage":"fr-FR","@id":"https:\/\/www.actioninnocencemonaco.com\/fr\/#\/schema\/logo\/image\/","url":"https:\/\/mluscajs1eaw.i.optimole.com\/cb:cWFf.40cfa\/w:auto\/h:auto\/q:mauto\/ig:avif\/f:best\/https:\/\/www.actioninnocencemonaco.com\/wp-content\/uploads\/2019\/10\/logo.png","contentUrl":"https:\/\/mluscajs1eaw.i.optimole.com\/cb:cWFf.40cfa\/w:auto\/h:auto\/q:mauto\/ig:avif\/f:best\/https:\/\/www.actioninnocencemonaco.com\/wp-content\/uploads\/2019\/10\/logo.png","width":250,"height":94,"caption":"Action Innocence Monaco"},"image":{"@id":"https:\/\/www.actioninnocencemonaco.com\/fr\/#\/schema\/logo\/image\/"},"sameAs":["https:\/\/www.facebook.com\/actioninnocencemonaco","https:\/\/x.com\/ActionMonaco","https:\/\/www.instagram.com\/action_innocence_monaco\/","https:\/\/www.linkedin.com\/in\/action-innocence-monaco-29219a198","https:\/\/www.youtube.com\/channel\/UCgDybl4ueHSrLRc0_9E1R8g"]},{"@type":"Person","@id":"https:\/\/www.actioninnocencemonaco.com\/fr\/#\/schema\/person\/88fbfd7563c6d5fa004ae0b901f10cf4","name":"AIMC Communication","image":{"@type":"ImageObject","inLanguage":"fr-FR","@id":"https:\/\/www.actioninnocencemonaco.com\/fr\/#\/schema\/person\/image\/","url":"\/\/www.gravatar.com\/avatar\/cd953f450aaf724d73935e086bcd612c?s=96&#038;r=g&#038;d=mm","contentUrl":"\/\/www.gravatar.com\/avatar\/cd953f450aaf724d73935e086bcd612c?s=96&#038;r=g&#038;d=mm","caption":"AIMC Communication"},"sameAs":["http:\/\/www.actioninnocencemonaco.com"],"url":"https:\/\/www.actioninnocencemonaco.com\/fr\/\/membres\/aimcom\/"}]}},"_links":{"self":[{"href":"https:\/\/www.actioninnocencemonaco.com\/fr\/wp-json\/wp\/v2\/posts\/10399\/"}],"collection":[{"href":"https:\/\/www.actioninnocencemonaco.com\/fr\/wp-json\/wp\/v2\/posts\/"}],"about":[{"href":"https:\/\/www.actioninnocencemonaco.com\/fr\/wp-json\/wp\/v2\/types\/post\/"}],"author":[{"embeddable":true,"href":"https:\/\/www.actioninnocencemonaco.com\/fr\/wp-json\/wp\/v2\/users\/234\/"}],"replies":[{"embeddable":true,"href":"https:\/\/www.actioninnocencemonaco.com\/fr\/wp-json\/wp\/v2\/comments\/?post=10399"}],"version-history":[{"count":3,"href":"https:\/\/www.actioninnocencemonaco.com\/fr\/wp-json\/wp\/v2\/posts\/10399\/revisions\/"}],"predecessor-version":[{"id":10417,"href":"https:\/\/www.actioninnocencemonaco.com\/fr\/wp-json\/wp\/v2\/posts\/10399\/revisions\/10417\/"}],"wp:featuredmedia":[{"embeddable":true,"href":"https:\/\/www.actioninnocencemonaco.com\/fr\/wp-json\/wp\/v2\/media\/10414\/"}],"wp:attachment":[{"href":"https:\/\/www.actioninnocencemonaco.com\/fr\/wp-json\/wp\/v2\/media\/?parent=10399"}],"wp:term":[{"taxonomy":"category","embeddable":true,"href":"https:\/\/www.actioninnocencemonaco.com\/fr\/wp-json\/wp\/v2\/categories\/?post=10399"},{"taxonomy":"post_tag","embeddable":true,"href":"https:\/\/www.actioninnocencemonaco.com\/fr\/wp-json\/wp\/v2\/tags\/?post=10399"}],"curies":[{"name":"wp","href":"https:\/\/api.w.org\/{rel}","templated":true}]}}