{"id":10123,"date":"2023-10-11T10:52:44","date_gmt":"2023-10-11T08:52:44","guid":{"rendered":"https:\/\/www.actioninnocencemonaco.com\/?p=10123"},"modified":"2023-10-11T10:57:12","modified_gmt":"2023-10-11T08:57:12","slug":"maddie-au-theatre-des-varietes-le-28-octobre","status":"publish","type":"post","link":"https:\/\/www.actioninnocencemonaco.com\/fr\/maddie-au-theatre-des-varietes-le-28-octobre\/","title":{"rendered":"Maddie au Th\u00e9\u00e2tre des Vari\u00e9t\u00e9s le 28 octobre"},"content":{"rendered":"\n<figure class=\"wp-block-image size-large\"><a href=\"https:\/\/lagazettedemonaco.com\/actualites\/art-culture\/maddie-au-theatre-des-varietes-le-28-octobre\" target=\"_blank\" rel=\"noreferrer noopener\"><img decoding=\"async\" width=\"725\" height=\"1024\" src=\"https:\/\/mluscajs1eaw.i.optimole.com\/cb:cWFf.40cfa\/w:725\/h:1024\/q:mauto\/ig:avif\/f:best\/https:\/\/www.actioninnocencemonaco.com\/wp-content\/uploads\/2023\/10\/Affiche-couleur-1.jpg\" alt=\"\" class=\"wp-image-10126\" srcset=\"https:\/\/mluscajs1eaw.i.optimole.com\/cb:cWFf.40cfa\/w:725\/h:1024\/q:mauto\/ig:avif\/f:best\/https:\/\/www.actioninnocencemonaco.com\/wp-content\/uploads\/2023\/10\/Affiche-couleur-1-scaled.jpg 725w, https:\/\/mluscajs1eaw.i.optimole.com\/cb:cWFf.40cfa\/w:212\/h:300\/q:mauto\/ig:avif\/f:best\/https:\/\/www.actioninnocencemonaco.com\/wp-content\/uploads\/2023\/10\/Affiche-couleur-1-scaled.jpg 212w, https:\/\/mluscajs1eaw.i.optimole.com\/cb:cWFf.40cfa\/w:768\/h:1085\/q:mauto\/ig:avif\/f:best\/https:\/\/www.actioninnocencemonaco.com\/wp-content\/uploads\/2023\/10\/Affiche-couleur-1-scaled.jpg 768w, https:\/\/mluscajs1eaw.i.optimole.com\/cb:cWFf.40cfa\/w:1062\/h:1500\/q:mauto\/ig:avif\/f:best\/https:\/\/www.actioninnocencemonaco.com\/wp-content\/uploads\/2023\/10\/Affiche-couleur-1-scaled.jpg 1087w, https:\/\/mluscajs1eaw.i.optimole.com\/cb:cWFf.40cfa\/w:1061\/h:1500\/q:mauto\/ig:avif\/f:best\/https:\/\/www.actioninnocencemonaco.com\/wp-content\/uploads\/2023\/10\/Affiche-couleur-1-scaled.jpg 1449w, https:\/\/mluscajs1eaw.i.optimole.com\/cb:cWFf.40cfa\/w:750\/h:1060\/q:mauto\/ig:avif\/f:best\/https:\/\/www.actioninnocencemonaco.com\/wp-content\/uploads\/2023\/10\/Affiche-couleur-1-scaled.jpg 750w, https:\/\/mluscajs1eaw.i.optimole.com\/cb:cWFf.40cfa\/w:540\/h:763\/q:mauto\/ig:avif\/f:best\/https:\/\/www.actioninnocencemonaco.com\/wp-content\/uploads\/2023\/10\/Affiche-couleur-1-scaled.jpg 540w, https:\/\/mluscajs1eaw.i.optimole.com\/cb:cWFf.40cfa\/w:283\/h:400\/q:mauto\/ig:avif\/f:best\/https:\/\/www.actioninnocencemonaco.com\/wp-content\/uploads\/2023\/10\/Affiche-couleur-1-scaled.jpg 283w, https:\/\/mluscajs1eaw.i.optimole.com\/cb:cWFf.40cfa\/w:1061\/h:1500\/q:mauto\/ig:avif\/f:best\/https:\/\/www.actioninnocencemonaco.com\/wp-content\/uploads\/2023\/10\/Affiche-couleur-1-scaled.jpg 1811w\" sizes=\"(max-width: 725px) 100vw, 725px\" \/><\/a><\/figure>\n\n\n\n<p><\/p>\n\n\n\n<p>\ud83c\udfad\ud83c\udfae Cette pi\u00e8ce est l\u2019histoire de&nbsp;<a href=\"https:\/\/www.instagram.com\/explore\/tags\/maddie\/?hl=en\">#Maddie<\/a>, une grand-m\u00e8re aussi fantasque qu\u2019attach\u00e9e \u00e0 sa petite fille adolescente,&nbsp;<a href=\"https:\/\/www.instagram.com\/explore\/tags\/addict\/?hl=en\">#addict<\/a>&nbsp;aux&nbsp;<a href=\"https:\/\/www.instagram.com\/explore\/tags\/jeuxvid%C3%A9o\/?hl=en\">#JeuxVid\u00e9o<\/a>&nbsp;apr\u00e8s avoir \u00e9t\u00e9 abandonn\u00e9e par son p\u00e8re.<\/p>\n\n\n\n<p>Maddie va imaginer et mettre en place un subterfuge tr\u00e8s original pour tenter de sortir sa petite fille des \u00ab enfers num\u00e9riques \u00bb.<\/p>\n\n\n\n<p>Y parviendra-t-elle ?<br>Quel en sera le prix \u00e0 payer ?<\/p>\n\n\n\n<p>\u2139\ufe0f Tout r\u00e9cemment la Gazette de Monaco a fait un joli article sur le sujet :<br><a href=\"https:\/\/lagazettedemonaco.com\/actualites\/art-culture\/maddie-au-theatre-des-varietes-le-28-octobre\" target=\"_blank\" rel=\"noreferrer noopener\">https:\/\/lagazettedemonaco.com\/actualites\/art-culture\/maddie-au-theatre-des-varietes-le-28-octobre<\/a><\/p>\n\n\n\n<p>\ud83d\udc49 Les r\u00e9servations pour la pi\u00e8ce se font sur : <a href=\"https:\/\/my.weezevent.com\/maddie\" target=\"_blank\" rel=\"noreferrer noopener\">https:\/\/my.weezevent.com\/maddie<\/a><\/p>\n\n\n\n<p><a href=\"https:\/\/www.instagram.com\/explore\/tags\/aimcnews\/?hl=en\">#AIMCnews<\/a><a href=\"https:\/\/www.instagram.com\/explore\/tags\/monaco\/?hl=en\"> #Monaco<\/a><a href=\"https:\/\/www.instagram.com\/explore\/tags\/th%C3%A9%C3%A2tre\/?hl=en\"> #TH\u00c9\u00c2TRE<\/a><a href=\"https:\/\/www.instagram.com\/explore\/tags\/th%C3%A9%C3%A2tredesvari%C3%A9t%C3%A9s\/?hl=en\"> #Th\u00e9\u00e2treDesVari\u00e9t\u00e9s<\/a><\/p>\n","protected":false},"excerpt":{"rendered":"<p>\ud83c\udfad\ud83c\udfae Cette pi\u00e8ce est l\u2019histoire de&nbsp;#Maddie, une grand-m\u00e8re aussi fantasque qu\u2019attach\u00e9e \u00e0 sa petite fille adolescente,&nbsp;#addict&nbsp;aux&nbsp;#JeuxVid\u00e9o&nbsp;apr\u00e8s avoir \u00e9t\u00e9 abandonn\u00e9e par son p\u00e8re. Maddie va imaginer et mettre en place un subterfuge tr\u00e8s original pour tenter de sortir sa petite fille des \u00ab enfers num\u00e9riques \u00bb. Y parviendra-t-elle ?Quel en sera le prix \u00e0 payer ? [&hellip;]<\/p>\n","protected":false},"author":234,"featured_media":10126,"comment_status":"open","ping_status":"open","sticky":false,"template":"","format":"standard","meta":{"_bbp_topic_count":0,"_bbp_reply_count":0,"_bbp_total_topic_count":0,"_bbp_total_reply_count":0,"_bbp_voice_count":0,"_bbp_anonymous_reply_count":0,"_bbp_topic_count_hidden":0,"_bbp_reply_count_hidden":0,"_bbp_forum_subforum_count":0,"ngg_post_thumbnail":0,"_themeisle_gutenberg_block_has_review":false,"footnotes":""},"categories":["1","16","17","95","109","110","116","121","122","123","124","126"],"tags":[],"yoast_head":"<!-- This site is optimized with the Yoast SEO plugin v22.6 - https:\/\/yoast.com\/wordpress\/plugins\/seo\/ -->\n<title>Maddie au Th\u00e9\u00e2tre des Vari\u00e9t\u00e9s le 28 octobre - Action Innocence Monaco<\/title>\n<meta name=\"description\" content=\"Action Innocence Monaco informe et de sensibilise les jeunes, les parents et les professionnels sur les risques et les d\u00e9rives li\u00e9s \u00e0 l\u2019usage d\u2019Internet et lutte contre la p\u00e9docriminalit\u00e9 sur Internet.\" class=\"yoast-seo-meta-tag\" \/>\n<meta name=\"robots\" content=\"index, follow, max-snippet:-1, max-image-preview:large, max-video-preview:-1\" \/>\n<link rel=\"canonical\" href=\"https:\/\/www.actioninnocencemonaco.com\/fr\/maddie-au-theatre-des-varietes-le-28-octobre\/\" class=\"yoast-seo-meta-tag\" \/>\n<meta property=\"og:locale\" content=\"fr_FR\" class=\"yoast-seo-meta-tag\" \/>\n<meta property=\"og:type\" content=\"article\" class=\"yoast-seo-meta-tag\" \/>\n<meta property=\"og:title\" content=\"Maddie au Th\u00e9\u00e2tre des Vari\u00e9t\u00e9s le 28 octobre - Action Innocence Monaco\" class=\"yoast-seo-meta-tag\" \/>\n<meta property=\"og:description\" content=\"Action Innocence Monaco informe et de sensibilise les jeunes, les parents et les professionnels sur les risques et les d\u00e9rives li\u00e9s \u00e0 l\u2019usage d\u2019Internet et lutte contre la p\u00e9docriminalit\u00e9 sur Internet.\" class=\"yoast-seo-meta-tag\" \/>\n<meta property=\"og:url\" content=\"https:\/\/www.actioninnocencemonaco.com\/fr\/maddie-au-theatre-des-varietes-le-28-octobre\/\" class=\"yoast-seo-meta-tag\" \/>\n<meta property=\"og:site_name\" content=\"Action Innocence Monaco\" class=\"yoast-seo-meta-tag\" \/>\n<meta property=\"article:publisher\" content=\"https:\/\/www.facebook.com\/actioninnocencemonaco\" class=\"yoast-seo-meta-tag\" \/>\n<meta property=\"article:published_time\" content=\"2023-10-11T08:52:44+00:00\" class=\"yoast-seo-meta-tag\" \/>\n<meta property=\"article:modified_time\" content=\"2023-10-11T08:57:12+00:00\" class=\"yoast-seo-meta-tag\" \/>\n<meta property=\"og:image\" content=\"https:\/\/mluscajs1eaw.i.optimole.com\/cb:cWFf.40cfa\/w:auto\/h:auto\/q:mauto\/ig:avif\/f:best\/https:\/\/www.actioninnocencemonaco.com\/wp-content\/uploads\/2023\/10\/Affiche-couleur-1-scaled.jpg\" class=\"yoast-seo-meta-tag\" \/>\n\t<meta property=\"og:image:width\" content=\"1811\" class=\"yoast-seo-meta-tag\" \/>\n\t<meta property=\"og:image:height\" content=\"2560\" class=\"yoast-seo-meta-tag\" \/>\n\t<meta property=\"og:image:type\" content=\"image\/jpeg\" class=\"yoast-seo-meta-tag\" \/>\n<meta name=\"author\" content=\"AIMC Communication\" class=\"yoast-seo-meta-tag\" \/>\n<meta name=\"twitter:card\" content=\"summary_large_image\" class=\"yoast-seo-meta-tag\" \/>\n<meta name=\"twitter:creator\" content=\"@ActionMonaco\" class=\"yoast-seo-meta-tag\" \/>\n<meta name=\"twitter:site\" content=\"@ActionMonaco\" class=\"yoast-seo-meta-tag\" \/>\n<meta name=\"twitter:label1\" content=\"\u00c9crit par\" class=\"yoast-seo-meta-tag\" \/>\n\t<meta name=\"twitter:data1\" content=\"AIMC Communication\" class=\"yoast-seo-meta-tag\" \/>\n\t<meta name=\"twitter:label2\" content=\"Dur\u00e9e de lecture estim\u00e9e\" class=\"yoast-seo-meta-tag\" \/>\n\t<meta name=\"twitter:data2\" content=\"1 minute\" class=\"yoast-seo-meta-tag\" \/>\n<script type=\"application\/ld+json\" class=\"yoast-schema-graph\">{\"@context\":\"https:\/\/schema.org\",\"@graph\":[{\"@type\":\"Article\",\"@id\":\"https:\/\/www.actioninnocencemonaco.com\/fr\/maddie-au-theatre-des-varietes-le-28-octobre\/#article\",\"isPartOf\":{\"@id\":\"https:\/\/www.actioninnocencemonaco.com\/fr\/maddie-au-theatre-des-varietes-le-28-octobre\/\"},\"author\":{\"name\":\"AIMC Communication\",\"@id\":\"https:\/\/www.actioninnocencemonaco.com\/fr\/#\/schema\/person\/88fbfd7563c6d5fa004ae0b901f10cf4\"},\"headline\":\"Maddie au Th\u00e9\u00e2tre des Vari\u00e9t\u00e9s le 28 octobre\",\"datePublished\":\"2023-10-11T08:52:44+00:00\",\"dateModified\":\"2023-10-11T08:57:12+00:00\",\"mainEntityOfPage\":{\"@id\":\"https:\/\/www.actioninnocencemonaco.com\/fr\/maddie-au-theatre-des-varietes-le-28-octobre\/\"},\"wordCount\":125,\"commentCount\":0,\"publisher\":{\"@id\":\"https:\/\/www.actioninnocencemonaco.com\/fr\/#organization\"},\"image\":{\"@id\":\"https:\/\/www.actioninnocencemonaco.com\/fr\/maddie-au-theatre-des-varietes-le-28-octobre\/#primaryimage\"},\"thumbnailUrl\":\"https:\/\/mluscajs1eaw.i.optimole.com\/cb:cWFf.40cfa\/w:1061\/h:1500\/q:mauto\/ig:avif\/f:best\/https:\/\/www.actioninnocencemonaco.com\/wp-content\/uploads\/2023\/10\/Affiche-couleur-1-scaled.jpg\",\"articleSection\":[\"Uncategorized\",\"Events\",\"News\",\"Non classifi\u00e9(e)\",\"Ev\u00e9nements\",\"News\",\"#20ansAIMC\",\"Videos\",\"Campaigns\",\"Campaigns\",\"Videos\",\"Monaco\"],\"inLanguage\":\"fr-FR\",\"potentialAction\":[{\"@type\":\"CommentAction\",\"name\":\"Comment\",\"target\":[\"https:\/\/www.actioninnocencemonaco.com\/fr\/maddie-au-theatre-des-varietes-le-28-octobre\/#respond\"]}]},{\"@type\":\"WebPage\",\"@id\":\"https:\/\/www.actioninnocencemonaco.com\/fr\/maddie-au-theatre-des-varietes-le-28-octobre\/\",\"url\":\"https:\/\/www.actioninnocencemonaco.com\/fr\/maddie-au-theatre-des-varietes-le-28-octobre\/\",\"name\":\"Maddie au Th\u00e9\u00e2tre des Vari\u00e9t\u00e9s le 28 octobre - Action Innocence Monaco\",\"isPartOf\":{\"@id\":\"https:\/\/www.actioninnocencemonaco.com\/fr\/#website\"},\"primaryImageOfPage\":{\"@id\":\"https:\/\/www.actioninnocencemonaco.com\/fr\/maddie-au-theatre-des-varietes-le-28-octobre\/#primaryimage\"},\"image\":{\"@id\":\"https:\/\/www.actioninnocencemonaco.com\/fr\/maddie-au-theatre-des-varietes-le-28-octobre\/#primaryimage\"},\"thumbnailUrl\":\"https:\/\/mluscajs1eaw.i.optimole.com\/cb:cWFf.40cfa\/w:1061\/h:1500\/q:mauto\/ig:avif\/f:best\/https:\/\/www.actioninnocencemonaco.com\/wp-content\/uploads\/2023\/10\/Affiche-couleur-1-scaled.jpg\",\"datePublished\":\"2023-10-11T08:52:44+00:00\",\"dateModified\":\"2023-10-11T08:57:12+00:00\",\"description\":\"Action Innocence Monaco informe et de sensibilise les jeunes, les parents et les professionnels sur les risques et les d\u00e9rives li\u00e9s \u00e0 l\u2019usage d\u2019Internet et lutte contre la p\u00e9docriminalit\u00e9 sur Internet.\",\"breadcrumb\":{\"@id\":\"https:\/\/www.actioninnocencemonaco.com\/fr\/maddie-au-theatre-des-varietes-le-28-octobre\/#breadcrumb\"},\"inLanguage\":\"fr-FR\",\"potentialAction\":[{\"@type\":\"ReadAction\",\"target\":[\"https:\/\/www.actioninnocencemonaco.com\/fr\/maddie-au-theatre-des-varietes-le-28-octobre\/\"]}]},{\"@type\":\"ImageObject\",\"inLanguage\":\"fr-FR\",\"@id\":\"https:\/\/www.actioninnocencemonaco.com\/fr\/maddie-au-theatre-des-varietes-le-28-octobre\/#primaryimage\",\"url\":\"https:\/\/mluscajs1eaw.i.optimole.com\/cb:cWFf.40cfa\/w:1061\/h:1500\/q:mauto\/ig:avif\/f:best\/https:\/\/www.actioninnocencemonaco.com\/wp-content\/uploads\/2023\/10\/Affiche-couleur-1-scaled.jpg\",\"contentUrl\":\"https:\/\/mluscajs1eaw.i.optimole.com\/cb:cWFf.40cfa\/w:1061\/h:1500\/q:mauto\/ig:avif\/f:best\/https:\/\/www.actioninnocencemonaco.com\/wp-content\/uploads\/2023\/10\/Affiche-couleur-1-scaled.jpg\",\"width\":1811,\"height\":2560},{\"@type\":\"BreadcrumbList\",\"@id\":\"https:\/\/www.actioninnocencemonaco.com\/fr\/maddie-au-theatre-des-varietes-le-28-octobre\/#breadcrumb\",\"itemListElement\":[{\"@type\":\"ListItem\",\"position\":1,\"name\":\"Accueil\",\"item\":\"https:\/\/www.actioninnocencemonaco.com\/fr\/\"},{\"@type\":\"ListItem\",\"position\":2,\"name\":\"Maddie au Th\u00e9\u00e2tre des Vari\u00e9t\u00e9s le 28 octobre\"}]},{\"@type\":\"WebSite\",\"@id\":\"https:\/\/www.actioninnocencemonaco.com\/fr\/#website\",\"url\":\"https:\/\/www.actioninnocencemonaco.com\/fr\/\",\"name\":\"Action Innocence Monaco\",\"description\":\"Oui \u00e0 L\u2019Internet, Non \u00e0 ses dangers !\",\"publisher\":{\"@id\":\"https:\/\/www.actioninnocencemonaco.com\/fr\/#organization\"},\"potentialAction\":[{\"@type\":\"SearchAction\",\"target\":{\"@type\":\"EntryPoint\",\"urlTemplate\":\"https:\/\/www.actioninnocencemonaco.com\/fr\/?s={search_term_string}\"},\"query-input\":\"required name=search_term_string\"}],\"inLanguage\":\"fr-FR\"},{\"@type\":\"Organization\",\"@id\":\"https:\/\/www.actioninnocencemonaco.com\/fr\/#organization\",\"name\":\"Action Innocence Monaco\",\"url\":\"https:\/\/www.actioninnocencemonaco.com\/fr\/\",\"logo\":{\"@type\":\"ImageObject\",\"inLanguage\":\"fr-FR\",\"@id\":\"https:\/\/www.actioninnocencemonaco.com\/fr\/#\/schema\/logo\/image\/\",\"url\":\"https:\/\/mluscajs1eaw.i.optimole.com\/cb:cWFf.40cfa\/w:auto\/h:auto\/q:mauto\/ig:avif\/f:best\/https:\/\/www.actioninnocencemonaco.com\/wp-content\/uploads\/2019\/10\/logo.png\",\"contentUrl\":\"https:\/\/mluscajs1eaw.i.optimole.com\/cb:cWFf.40cfa\/w:auto\/h:auto\/q:mauto\/ig:avif\/f:best\/https:\/\/www.actioninnocencemonaco.com\/wp-content\/uploads\/2019\/10\/logo.png\",\"width\":250,\"height\":94,\"caption\":\"Action Innocence Monaco\"},\"image\":{\"@id\":\"https:\/\/www.actioninnocencemonaco.com\/fr\/#\/schema\/logo\/image\/\"},\"sameAs\":[\"https:\/\/www.facebook.com\/actioninnocencemonaco\",\"https:\/\/x.com\/ActionMonaco\",\"https:\/\/www.instagram.com\/action_innocence_monaco\/\",\"https:\/\/www.linkedin.com\/in\/action-innocence-monaco-29219a198\",\"https:\/\/www.youtube.com\/channel\/UCgDybl4ueHSrLRc0_9E1R8g\"]},{\"@type\":\"Person\",\"@id\":\"https:\/\/www.actioninnocencemonaco.com\/fr\/#\/schema\/person\/88fbfd7563c6d5fa004ae0b901f10cf4\",\"name\":\"AIMC Communication\",\"image\":{\"@type\":\"ImageObject\",\"inLanguage\":\"fr-FR\",\"@id\":\"https:\/\/www.actioninnocencemonaco.com\/fr\/#\/schema\/person\/image\/\",\"url\":\"\/\/www.gravatar.com\/avatar\/cd953f450aaf724d73935e086bcd612c?s=96&#038;r=g&#038;d=mm\",\"contentUrl\":\"\/\/www.gravatar.com\/avatar\/cd953f450aaf724d73935e086bcd612c?s=96&#038;r=g&#038;d=mm\",\"caption\":\"AIMC Communication\"},\"sameAs\":[\"http:\/\/www.actioninnocencemonaco.com\"],\"url\":\"https:\/\/www.actioninnocencemonaco.com\/fr\/\/membres\/aimcom\/\"}]}<\/script>\n<!-- \/ Yoast SEO plugin. -->","yoast_head_json":{"title":"Maddie au Th\u00e9\u00e2tre des Vari\u00e9t\u00e9s le 28 octobre - Action Innocence Monaco","description":"Action Innocence Monaco informe et de sensibilise les jeunes, les parents et les professionnels sur les risques et les d\u00e9rives li\u00e9s \u00e0 l\u2019usage d\u2019Internet et lutte contre la p\u00e9docriminalit\u00e9 sur Internet.","robots":{"index":"index","follow":"follow","max-snippet":"max-snippet:-1","max-image-preview":"max-image-preview:large","max-video-preview":"max-video-preview:-1"},"canonical":"https:\/\/www.actioninnocencemonaco.com\/fr\/maddie-au-theatre-des-varietes-le-28-octobre\/","og_locale":"fr_FR","og_type":"article","og_title":"Maddie au Th\u00e9\u00e2tre des Vari\u00e9t\u00e9s le 28 octobre - Action Innocence Monaco","og_description":"Action Innocence Monaco informe et de sensibilise les jeunes, les parents et les professionnels sur les risques et les d\u00e9rives li\u00e9s \u00e0 l\u2019usage d\u2019Internet et lutte contre la p\u00e9docriminalit\u00e9 sur Internet.","og_url":"https:\/\/www.actioninnocencemonaco.com\/fr\/maddie-au-theatre-des-varietes-le-28-octobre\/","og_site_name":"Action Innocence Monaco","article_publisher":"https:\/\/www.facebook.com\/actioninnocencemonaco","article_published_time":"2023-10-11T08:52:44+00:00","article_modified_time":"2023-10-11T08:57:12+00:00","og_image":[{"width":1811,"height":2560,"url":"https:\/\/mluscajs1eaw.i.optimole.com\/cb:cWFf.40cfa\/w:auto\/h:auto\/q:mauto\/ig:avif\/f:best\/https:\/\/www.actioninnocencemonaco.com\/wp-content\/uploads\/2023\/10\/Affiche-couleur-1-scaled.jpg","type":"image\/jpeg"}],"author":"AIMC Communication","twitter_card":"summary_large_image","twitter_creator":"@ActionMonaco","twitter_site":"@ActionMonaco","twitter_misc":{"\u00c9crit par":"AIMC Communication","Dur\u00e9e de lecture estim\u00e9e":"1 minute"},"schema":{"@context":"https:\/\/schema.org","@graph":[{"@type":"Article","@id":"https:\/\/www.actioninnocencemonaco.com\/fr\/maddie-au-theatre-des-varietes-le-28-octobre\/#article","isPartOf":{"@id":"https:\/\/www.actioninnocencemonaco.com\/fr\/maddie-au-theatre-des-varietes-le-28-octobre\/"},"author":{"name":"AIMC Communication","@id":"https:\/\/www.actioninnocencemonaco.com\/fr\/#\/schema\/person\/88fbfd7563c6d5fa004ae0b901f10cf4"},"headline":"Maddie au Th\u00e9\u00e2tre des Vari\u00e9t\u00e9s le 28 octobre","datePublished":"2023-10-11T08:52:44+00:00","dateModified":"2023-10-11T08:57:12+00:00","mainEntityOfPage":{"@id":"https:\/\/www.actioninnocencemonaco.com\/fr\/maddie-au-theatre-des-varietes-le-28-octobre\/"},"wordCount":125,"commentCount":0,"publisher":{"@id":"https:\/\/www.actioninnocencemonaco.com\/fr\/#organization"},"image":{"@id":"https:\/\/www.actioninnocencemonaco.com\/fr\/maddie-au-theatre-des-varietes-le-28-octobre\/#primaryimage"},"thumbnailUrl":"https:\/\/mluscajs1eaw.i.optimole.com\/cb:cWFf.40cfa\/w:1061\/h:1500\/q:mauto\/ig:avif\/f:best\/https:\/\/www.actioninnocencemonaco.com\/wp-content\/uploads\/2023\/10\/Affiche-couleur-1-scaled.jpg","articleSection":["Uncategorized","Events","News","Non classifi\u00e9(e)","Ev\u00e9nements","News","#20ansAIMC","Videos","Campaigns","Campaigns","Videos","Monaco"],"inLanguage":"fr-FR","potentialAction":[{"@type":"CommentAction","name":"Comment","target":["https:\/\/www.actioninnocencemonaco.com\/fr\/maddie-au-theatre-des-varietes-le-28-octobre\/#respond"]}]},{"@type":"WebPage","@id":"https:\/\/www.actioninnocencemonaco.com\/fr\/maddie-au-theatre-des-varietes-le-28-octobre\/","url":"https:\/\/www.actioninnocencemonaco.com\/fr\/maddie-au-theatre-des-varietes-le-28-octobre\/","name":"Maddie au Th\u00e9\u00e2tre des Vari\u00e9t\u00e9s le 28 octobre - Action Innocence Monaco","isPartOf":{"@id":"https:\/\/www.actioninnocencemonaco.com\/fr\/#website"},"primaryImageOfPage":{"@id":"https:\/\/www.actioninnocencemonaco.com\/fr\/maddie-au-theatre-des-varietes-le-28-octobre\/#primaryimage"},"image":{"@id":"https:\/\/www.actioninnocencemonaco.com\/fr\/maddie-au-theatre-des-varietes-le-28-octobre\/#primaryimage"},"thumbnailUrl":"https:\/\/mluscajs1eaw.i.optimole.com\/cb:cWFf.40cfa\/w:1061\/h:1500\/q:mauto\/ig:avif\/f:best\/https:\/\/www.actioninnocencemonaco.com\/wp-content\/uploads\/2023\/10\/Affiche-couleur-1-scaled.jpg","datePublished":"2023-10-11T08:52:44+00:00","dateModified":"2023-10-11T08:57:12+00:00","description":"Action Innocence Monaco informe et de sensibilise les jeunes, les parents et les professionnels sur les risques et les d\u00e9rives li\u00e9s \u00e0 l\u2019usage d\u2019Internet et lutte contre la p\u00e9docriminalit\u00e9 sur Internet.","breadcrumb":{"@id":"https:\/\/www.actioninnocencemonaco.com\/fr\/maddie-au-theatre-des-varietes-le-28-octobre\/#breadcrumb"},"inLanguage":"fr-FR","potentialAction":[{"@type":"ReadAction","target":["https:\/\/www.actioninnocencemonaco.com\/fr\/maddie-au-theatre-des-varietes-le-28-octobre\/"]}]},{"@type":"ImageObject","inLanguage":"fr-FR","@id":"https:\/\/www.actioninnocencemonaco.com\/fr\/maddie-au-theatre-des-varietes-le-28-octobre\/#primaryimage","url":"https:\/\/mluscajs1eaw.i.optimole.com\/cb:cWFf.40cfa\/w:1061\/h:1500\/q:mauto\/ig:avif\/f:best\/https:\/\/www.actioninnocencemonaco.com\/wp-content\/uploads\/2023\/10\/Affiche-couleur-1-scaled.jpg","contentUrl":"https:\/\/mluscajs1eaw.i.optimole.com\/cb:cWFf.40cfa\/w:1061\/h:1500\/q:mauto\/ig:avif\/f:best\/https:\/\/www.actioninnocencemonaco.com\/wp-content\/uploads\/2023\/10\/Affiche-couleur-1-scaled.jpg","width":1811,"height":2560},{"@type":"BreadcrumbList","@id":"https:\/\/www.actioninnocencemonaco.com\/fr\/maddie-au-theatre-des-varietes-le-28-octobre\/#breadcrumb","itemListElement":[{"@type":"ListItem","position":1,"name":"Accueil","item":"https:\/\/www.actioninnocencemonaco.com\/fr\/"},{"@type":"ListItem","position":2,"name":"Maddie au Th\u00e9\u00e2tre des Vari\u00e9t\u00e9s le 28 octobre"}]},{"@type":"WebSite","@id":"https:\/\/www.actioninnocencemonaco.com\/fr\/#website","url":"https:\/\/www.actioninnocencemonaco.com\/fr\/","name":"Action Innocence Monaco","description":"Oui \u00e0 L\u2019Internet, Non \u00e0 ses dangers !","publisher":{"@id":"https:\/\/www.actioninnocencemonaco.com\/fr\/#organization"},"potentialAction":[{"@type":"SearchAction","target":{"@type":"EntryPoint","urlTemplate":"https:\/\/www.actioninnocencemonaco.com\/fr\/?s={search_term_string}"},"query-input":"required name=search_term_string"}],"inLanguage":"fr-FR"},{"@type":"Organization","@id":"https:\/\/www.actioninnocencemonaco.com\/fr\/#organization","name":"Action Innocence Monaco","url":"https:\/\/www.actioninnocencemonaco.com\/fr\/","logo":{"@type":"ImageObject","inLanguage":"fr-FR","@id":"https:\/\/www.actioninnocencemonaco.com\/fr\/#\/schema\/logo\/image\/","url":"https:\/\/mluscajs1eaw.i.optimole.com\/cb:cWFf.40cfa\/w:auto\/h:auto\/q:mauto\/ig:avif\/f:best\/https:\/\/www.actioninnocencemonaco.com\/wp-content\/uploads\/2019\/10\/logo.png","contentUrl":"https:\/\/mluscajs1eaw.i.optimole.com\/cb:cWFf.40cfa\/w:auto\/h:auto\/q:mauto\/ig:avif\/f:best\/https:\/\/www.actioninnocencemonaco.com\/wp-content\/uploads\/2019\/10\/logo.png","width":250,"height":94,"caption":"Action Innocence Monaco"},"image":{"@id":"https:\/\/www.actioninnocencemonaco.com\/fr\/#\/schema\/logo\/image\/"},"sameAs":["https:\/\/www.facebook.com\/actioninnocencemonaco","https:\/\/x.com\/ActionMonaco","https:\/\/www.instagram.com\/action_innocence_monaco\/","https:\/\/www.linkedin.com\/in\/action-innocence-monaco-29219a198","https:\/\/www.youtube.com\/channel\/UCgDybl4ueHSrLRc0_9E1R8g"]},{"@type":"Person","@id":"https:\/\/www.actioninnocencemonaco.com\/fr\/#\/schema\/person\/88fbfd7563c6d5fa004ae0b901f10cf4","name":"AIMC Communication","image":{"@type":"ImageObject","inLanguage":"fr-FR","@id":"https:\/\/www.actioninnocencemonaco.com\/fr\/#\/schema\/person\/image\/","url":"\/\/www.gravatar.com\/avatar\/cd953f450aaf724d73935e086bcd612c?s=96&#038;r=g&#038;d=mm","contentUrl":"\/\/www.gravatar.com\/avatar\/cd953f450aaf724d73935e086bcd612c?s=96&#038;r=g&#038;d=mm","caption":"AIMC Communication"},"sameAs":["http:\/\/www.actioninnocencemonaco.com"],"url":"https:\/\/www.actioninnocencemonaco.com\/fr\/\/membres\/aimcom\/"}]}},"_links":{"self":[{"href":"https:\/\/www.actioninnocencemonaco.com\/fr\/wp-json\/wp\/v2\/posts\/10123\/"}],"collection":[{"href":"https:\/\/www.actioninnocencemonaco.com\/fr\/wp-json\/wp\/v2\/posts\/"}],"about":[{"href":"https:\/\/www.actioninnocencemonaco.com\/fr\/wp-json\/wp\/v2\/types\/post\/"}],"author":[{"embeddable":true,"href":"https:\/\/www.actioninnocencemonaco.com\/fr\/wp-json\/wp\/v2\/users\/234\/"}],"replies":[{"embeddable":true,"href":"https:\/\/www.actioninnocencemonaco.com\/fr\/wp-json\/wp\/v2\/comments\/?post=10123"}],"version-history":[{"count":0,"href":"https:\/\/www.actioninnocencemonaco.com\/fr\/wp-json\/wp\/v2\/posts\/10123\/revisions\/"}],"wp:featuredmedia":[{"embeddable":true,"href":"https:\/\/www.actioninnocencemonaco.com\/fr\/wp-json\/wp\/v2\/media\/10126\/"}],"wp:attachment":[{"href":"https:\/\/www.actioninnocencemonaco.com\/fr\/wp-json\/wp\/v2\/media\/?parent=10123"}],"wp:term":[{"taxonomy":"category","embeddable":true,"href":"https:\/\/www.actioninnocencemonaco.com\/fr\/wp-json\/wp\/v2\/categories\/?post=10123"},{"taxonomy":"post_tag","embeddable":true,"href":"https:\/\/www.actioninnocencemonaco.com\/fr\/wp-json\/wp\/v2\/tags\/?post=10123"}],"curies":[{"name":"wp","href":"https:\/\/api.w.org\/{rel}","templated":true}]}}