{"id":5697,"date":"2018-06-16T00:48:36","date_gmt":"2018-06-15T22:48:36","guid":{"rendered":"http:\/\/www.aimc.mms.mc\/?p=5697"},"modified":"2019-11-04T04:56:32","modified_gmt":"2019-11-04T03:56:32","slug":"peacejam-june-16th-17th-2018-lycee-technique-et-hotelier-de-monaco","status":"publish","type":"post","link":"https:\/\/www.actioninnocencemonaco.com\/en\/peacejam-june-16th-17th-2018-lycee-technique-et-hotelier-de-monaco\/","title":{"rendered":"PEACEJAM &#8211; June 16th &#038; 17th 2018"},"content":{"rendered":"<p>We will be present during the next Peacejam where we conduct a workshop on empathy.<\/p>\n<p>PeaceJam is a non-profit organization founded to &#8220;create young leaders engaged in a dynamic of change in themselves, in their communities and the world, through the inspiration of Nobel Peace Prize laureates who pass on their wisdom and their skills &#8220;.<\/p>\n<p>The Department of National Education of Youth and Sports (DENJS) organizes each year in Monaco two days punctuated by conferences including one led by an honored speaker of a Nobel Peace Prize and offers volunteer students schools in Monaco to attend.<\/p>\n<p>Whithin this context, the DENJS proposes each year to our association to participate to animate workshops during these conferences.<br \/>\nThe theme of the workshops will be defined early May.<\/p>\n<p>This year the guest will be Betty Williams, born May 22, 1943 in Belfast (Northern Ireland, United Kingdom), a peace activist in North Ireland for the rights of children and women, winner of the 1976 Nobel Peace Prize<\/p>\n<p>June 16th &amp; 17th 2018 &#8211; Lyc\u00e9e Technique et H\u00f4telier de Monaco<\/p>\n<p>For more information about our Workshop, please contact Caroline au (+377) 97 77 51 11.<\/p>\n<p>For more information about Peacejam http:\/\/www.peacejam.org\/<\/p>\n","protected":false},"excerpt":{"rendered":"<p>We will be present during the next Peacejam where we conduct a workshop on empathy. PeaceJam is a non-profit organization founded to &#8220;create young leaders engaged in a dynamic of change in themselves, in their communities and the world, through the inspiration of Nobel Peace Prize laureates who pass on their wisdom and their skills [&hellip;]<\/p>\n","protected":false},"author":1,"featured_media":6626,"comment_status":"closed","ping_status":"closed","sticky":false,"template":"","format":"image","meta":{"_bbp_topic_count":0,"_bbp_reply_count":0,"_bbp_total_topic_count":0,"_bbp_total_reply_count":0,"_bbp_voice_count":0,"_bbp_anonymous_reply_count":0,"_bbp_topic_count_hidden":0,"_bbp_reply_count_hidden":0,"_bbp_forum_subforum_count":0,"ngg_post_thumbnail":0,"_themeisle_gutenberg_block_has_review":false,"footnotes":""},"categories":["1","16","17","95","109","110","116","121","122","123","124","126"],"tags":[],"yoast_head":"<!-- This site is optimized with the Yoast SEO plugin v22.6 - https:\/\/yoast.com\/wordpress\/plugins\/seo\/ -->\n<title>PEACEJAM - June 16th &amp; 17th 2018 - Action Innocence Monaco<\/title>\n<meta name=\"description\" content=\"Action Innocence Monaco informe et de sensibilise les jeunes, les parents et les professionnels sur les risques et les d\u00e9rives li\u00e9s \u00e0 l\u2019usage d\u2019Internet et lutte contre la p\u00e9docriminalit\u00e9 sur Internet.\" class=\"yoast-seo-meta-tag\" \/>\n<meta name=\"robots\" content=\"index, follow, max-snippet:-1, max-image-preview:large, max-video-preview:-1\" \/>\n<link rel=\"canonical\" href=\"https:\/\/www.actioninnocencemonaco.com\/en\/peacejam-june-16th-17th-2018-lycee-technique-et-hotelier-de-monaco\/\" class=\"yoast-seo-meta-tag\" \/>\n<meta property=\"og:locale\" content=\"en_US\" class=\"yoast-seo-meta-tag\" \/>\n<meta property=\"og:type\" content=\"article\" class=\"yoast-seo-meta-tag\" \/>\n<meta property=\"og:title\" content=\"PEACEJAM - June 16th &amp; 17th 2018 - Action Innocence Monaco\" class=\"yoast-seo-meta-tag\" \/>\n<meta property=\"og:description\" content=\"Action Innocence Monaco informe et de sensibilise les jeunes, les parents et les professionnels sur les risques et les d\u00e9rives li\u00e9s \u00e0 l\u2019usage d\u2019Internet et lutte contre la p\u00e9docriminalit\u00e9 sur Internet.\" class=\"yoast-seo-meta-tag\" \/>\n<meta property=\"og:url\" content=\"https:\/\/www.actioninnocencemonaco.com\/en\/peacejam-june-16th-17th-2018-lycee-technique-et-hotelier-de-monaco\/\" class=\"yoast-seo-meta-tag\" \/>\n<meta property=\"og:site_name\" content=\"Action Innocence Monaco\" class=\"yoast-seo-meta-tag\" \/>\n<meta property=\"article:publisher\" content=\"https:\/\/www.facebook.com\/actioninnocencemonaco\" class=\"yoast-seo-meta-tag\" \/>\n<meta property=\"article:published_time\" content=\"2018-06-15T22:48:36+00:00\" class=\"yoast-seo-meta-tag\" \/>\n<meta property=\"article:modified_time\" content=\"2019-11-04T03:56:32+00:00\" class=\"yoast-seo-meta-tag\" \/>\n<meta property=\"og:image\" content=\"https:\/\/mluscajs1eaw.i.optimole.com\/cb:cWFf.40cfa\/w:auto\/h:auto\/q:mauto\/ig:avif\/f:best\/https:\/\/www.actioninnocencemonaco.com\/wp-content\/uploads\/2019\/11\/peacejam.jpg\" class=\"yoast-seo-meta-tag\" \/>\n\t<meta property=\"og:image:width\" content=\"851\" class=\"yoast-seo-meta-tag\" \/>\n\t<meta property=\"og:image:height\" content=\"315\" class=\"yoast-seo-meta-tag\" \/>\n\t<meta property=\"og:image:type\" content=\"image\/jpeg\" class=\"yoast-seo-meta-tag\" \/>\n<meta name=\"author\" content=\"adminmms\" class=\"yoast-seo-meta-tag\" \/>\n<meta name=\"twitter:card\" content=\"summary_large_image\" class=\"yoast-seo-meta-tag\" \/>\n<meta name=\"twitter:creator\" content=\"@ActionMonaco\" class=\"yoast-seo-meta-tag\" \/>\n<meta name=\"twitter:site\" content=\"@ActionMonaco\" class=\"yoast-seo-meta-tag\" \/>\n<meta name=\"twitter:label1\" content=\"Written by\" class=\"yoast-seo-meta-tag\" \/>\n\t<meta name=\"twitter:data1\" content=\"adminmms\" class=\"yoast-seo-meta-tag\" \/>\n\t<meta name=\"twitter:label2\" content=\"Est. reading time\" class=\"yoast-seo-meta-tag\" \/>\n\t<meta name=\"twitter:data2\" content=\"1 minute\" class=\"yoast-seo-meta-tag\" \/>\n<script type=\"application\/ld+json\" class=\"yoast-schema-graph\">{\"@context\":\"https:\/\/schema.org\",\"@graph\":[{\"@type\":\"Article\",\"@id\":\"https:\/\/www.actioninnocencemonaco.com\/en\/peacejam-june-16th-17th-2018-lycee-technique-et-hotelier-de-monaco\/#article\",\"isPartOf\":{\"@id\":\"https:\/\/www.actioninnocencemonaco.com\/en\/peacejam-june-16th-17th-2018-lycee-technique-et-hotelier-de-monaco\/\"},\"author\":{\"name\":\"adminmms\",\"@id\":\"https:\/\/www.actioninnocencemonaco.com\/fr\/#\/schema\/person\/4f7d0854300b989f9164f7079607c95e\"},\"headline\":\"PEACEJAM &#8211; June 16th &#038; 17th 2018\",\"datePublished\":\"2018-06-15T22:48:36+00:00\",\"dateModified\":\"2019-11-04T03:56:32+00:00\",\"mainEntityOfPage\":{\"@id\":\"https:\/\/www.actioninnocencemonaco.com\/en\/peacejam-june-16th-17th-2018-lycee-technique-et-hotelier-de-monaco\/\"},\"wordCount\":197,\"publisher\":{\"@id\":\"https:\/\/www.actioninnocencemonaco.com\/fr\/#organization\"},\"image\":{\"@id\":\"https:\/\/www.actioninnocencemonaco.com\/en\/peacejam-june-16th-17th-2018-lycee-technique-et-hotelier-de-monaco\/#primaryimage\"},\"thumbnailUrl\":\"https:\/\/mluscajs1eaw.i.optimole.com\/cb:cWFf.40cfa\/w:851\/h:315\/q:mauto\/ig:avif\/f:best\/https:\/\/www.actioninnocencemonaco.com\/wp-content\/uploads\/2019\/11\/peacejam.jpg\",\"articleSection\":{\"1\":\"Events\",\"2\":\"News\",\"3\":\"Non classifi\u00e9(e)\",\"4\":\"Ev\u00e9nements\",\"5\":\"News\",\"6\":\"#20ansAIMC\",\"7\":\"Videos\",\"8\":\"Campaigns\",\"9\":\"Campaigns\",\"10\":\"Videos\",\"11\":\"Monaco\"},\"inLanguage\":\"en-US\"},{\"@type\":\"WebPage\",\"@id\":\"https:\/\/www.actioninnocencemonaco.com\/en\/peacejam-june-16th-17th-2018-lycee-technique-et-hotelier-de-monaco\/\",\"url\":\"https:\/\/www.actioninnocencemonaco.com\/en\/peacejam-june-16th-17th-2018-lycee-technique-et-hotelier-de-monaco\/\",\"name\":\"PEACEJAM - June 16th & 17th 2018 - Action Innocence Monaco\",\"isPartOf\":{\"@id\":\"https:\/\/www.actioninnocencemonaco.com\/fr\/#website\"},\"primaryImageOfPage\":{\"@id\":\"https:\/\/www.actioninnocencemonaco.com\/en\/peacejam-june-16th-17th-2018-lycee-technique-et-hotelier-de-monaco\/#primaryimage\"},\"image\":{\"@id\":\"https:\/\/www.actioninnocencemonaco.com\/en\/peacejam-june-16th-17th-2018-lycee-technique-et-hotelier-de-monaco\/#primaryimage\"},\"thumbnailUrl\":\"https:\/\/mluscajs1eaw.i.optimole.com\/cb:cWFf.40cfa\/w:851\/h:315\/q:mauto\/ig:avif\/f:best\/https:\/\/www.actioninnocencemonaco.com\/wp-content\/uploads\/2019\/11\/peacejam.jpg\",\"datePublished\":\"2018-06-15T22:48:36+00:00\",\"dateModified\":\"2019-11-04T03:56:32+00:00\",\"description\":\"Action Innocence Monaco informe et de sensibilise les jeunes, les parents et les professionnels sur les risques et les d\u00e9rives li\u00e9s \u00e0 l\u2019usage d\u2019Internet et lutte contre la p\u00e9docriminalit\u00e9 sur Internet.\",\"breadcrumb\":{\"@id\":\"https:\/\/www.actioninnocencemonaco.com\/en\/peacejam-june-16th-17th-2018-lycee-technique-et-hotelier-de-monaco\/#breadcrumb\"},\"inLanguage\":\"en-US\",\"potentialAction\":[{\"@type\":\"ReadAction\",\"target\":[\"https:\/\/www.actioninnocencemonaco.com\/en\/peacejam-june-16th-17th-2018-lycee-technique-et-hotelier-de-monaco\/\"]}]},{\"@type\":\"ImageObject\",\"inLanguage\":\"en-US\",\"@id\":\"https:\/\/www.actioninnocencemonaco.com\/en\/peacejam-june-16th-17th-2018-lycee-technique-et-hotelier-de-monaco\/#primaryimage\",\"url\":\"https:\/\/mluscajs1eaw.i.optimole.com\/cb:cWFf.40cfa\/w:851\/h:315\/q:mauto\/ig:avif\/f:best\/https:\/\/www.actioninnocencemonaco.com\/wp-content\/uploads\/2019\/11\/peacejam.jpg\",\"contentUrl\":\"https:\/\/mluscajs1eaw.i.optimole.com\/cb:cWFf.40cfa\/w:851\/h:315\/q:mauto\/ig:avif\/f:best\/https:\/\/www.actioninnocencemonaco.com\/wp-content\/uploads\/2019\/11\/peacejam.jpg\",\"width\":851,\"height\":315},{\"@type\":\"BreadcrumbList\",\"@id\":\"https:\/\/www.actioninnocencemonaco.com\/en\/peacejam-june-16th-17th-2018-lycee-technique-et-hotelier-de-monaco\/#breadcrumb\",\"itemListElement\":[{\"@type\":\"ListItem\",\"position\":1,\"name\":\"Accueil\",\"item\":\"https:\/\/www.actioninnocencemonaco.com\/en\/\"},{\"@type\":\"ListItem\",\"position\":2,\"name\":\"PEACEJAM &#8211; June 16th &#038; 17th 2018\"}]},{\"@type\":\"WebSite\",\"@id\":\"https:\/\/www.actioninnocencemonaco.com\/fr\/#website\",\"url\":\"https:\/\/www.actioninnocencemonaco.com\/fr\/\",\"name\":\"Action Innocence Monaco\",\"description\":\"Oui \u00e0 L\u2019Internet, Non \u00e0 ses dangers !\",\"publisher\":{\"@id\":\"https:\/\/www.actioninnocencemonaco.com\/fr\/#organization\"},\"potentialAction\":[{\"@type\":\"SearchAction\",\"target\":{\"@type\":\"EntryPoint\",\"urlTemplate\":\"https:\/\/www.actioninnocencemonaco.com\/fr\/?s={search_term_string}\"},\"query-input\":\"required name=search_term_string\"}],\"inLanguage\":\"en-US\"},{\"@type\":\"Organization\",\"@id\":\"https:\/\/www.actioninnocencemonaco.com\/fr\/#organization\",\"name\":\"Action Innocence Monaco\",\"url\":\"https:\/\/www.actioninnocencemonaco.com\/fr\/\",\"logo\":{\"@type\":\"ImageObject\",\"inLanguage\":\"en-US\",\"@id\":\"https:\/\/www.actioninnocencemonaco.com\/fr\/#\/schema\/logo\/image\/\",\"url\":\"https:\/\/mluscajs1eaw.i.optimole.com\/cb:cWFf.40cfa\/w:auto\/h:auto\/q:mauto\/ig:avif\/f:best\/https:\/\/www.actioninnocencemonaco.com\/wp-content\/uploads\/2019\/10\/logo.png\",\"contentUrl\":\"https:\/\/mluscajs1eaw.i.optimole.com\/cb:cWFf.40cfa\/w:auto\/h:auto\/q:mauto\/ig:avif\/f:best\/https:\/\/www.actioninnocencemonaco.com\/wp-content\/uploads\/2019\/10\/logo.png\",\"width\":250,\"height\":94,\"caption\":\"Action Innocence Monaco\"},\"image\":{\"@id\":\"https:\/\/www.actioninnocencemonaco.com\/fr\/#\/schema\/logo\/image\/\"},\"sameAs\":[\"https:\/\/www.facebook.com\/actioninnocencemonaco\",\"https:\/\/x.com\/ActionMonaco\",\"https:\/\/www.instagram.com\/action_innocence_monaco\/\",\"https:\/\/www.linkedin.com\/in\/action-innocence-monaco-29219a198\",\"https:\/\/www.youtube.com\/channel\/UCgDybl4ueHSrLRc0_9E1R8g\"]},{\"@type\":\"Person\",\"@id\":\"https:\/\/www.actioninnocencemonaco.com\/fr\/#\/schema\/person\/4f7d0854300b989f9164f7079607c95e\",\"name\":\"adminmms\",\"image\":{\"@type\":\"ImageObject\",\"inLanguage\":\"en-US\",\"@id\":\"https:\/\/www.actioninnocencemonaco.com\/fr\/#\/schema\/person\/image\/\",\"url\":\"\/\/www.gravatar.com\/avatar\/6b949bf3ac936ccca0e8a5c8171fde1a?s=96&#038;r=g&#038;d=mm\",\"contentUrl\":\"\/\/www.gravatar.com\/avatar\/6b949bf3ac936ccca0e8a5c8171fde1a?s=96&#038;r=g&#038;d=mm\",\"caption\":\"adminmms\"},\"url\":\"https:\/\/www.actioninnocencemonaco.com\/en\/\/membres\/adminmms\/\"}]}<\/script>\n<!-- \/ Yoast SEO plugin. -->","yoast_head_json":{"title":"PEACEJAM - June 16th & 17th 2018 - Action Innocence Monaco","description":"Action Innocence Monaco informe et de sensibilise les jeunes, les parents et les professionnels sur les risques et les d\u00e9rives li\u00e9s \u00e0 l\u2019usage d\u2019Internet et lutte contre la p\u00e9docriminalit\u00e9 sur Internet.","robots":{"index":"index","follow":"follow","max-snippet":"max-snippet:-1","max-image-preview":"max-image-preview:large","max-video-preview":"max-video-preview:-1"},"canonical":"https:\/\/www.actioninnocencemonaco.com\/en\/peacejam-june-16th-17th-2018-lycee-technique-et-hotelier-de-monaco\/","og_locale":"en_US","og_type":"article","og_title":"PEACEJAM - June 16th & 17th 2018 - Action Innocence Monaco","og_description":"Action Innocence Monaco informe et de sensibilise les jeunes, les parents et les professionnels sur les risques et les d\u00e9rives li\u00e9s \u00e0 l\u2019usage d\u2019Internet et lutte contre la p\u00e9docriminalit\u00e9 sur Internet.","og_url":"https:\/\/www.actioninnocencemonaco.com\/en\/peacejam-june-16th-17th-2018-lycee-technique-et-hotelier-de-monaco\/","og_site_name":"Action Innocence Monaco","article_publisher":"https:\/\/www.facebook.com\/actioninnocencemonaco","article_published_time":"2018-06-15T22:48:36+00:00","article_modified_time":"2019-11-04T03:56:32+00:00","og_image":[{"width":851,"height":315,"url":"https:\/\/mluscajs1eaw.i.optimole.com\/cb:cWFf.40cfa\/w:auto\/h:auto\/q:mauto\/ig:avif\/f:best\/https:\/\/www.actioninnocencemonaco.com\/wp-content\/uploads\/2019\/11\/peacejam.jpg","type":"image\/jpeg"}],"author":"adminmms","twitter_card":"summary_large_image","twitter_creator":"@ActionMonaco","twitter_site":"@ActionMonaco","twitter_misc":{"Written by":"adminmms","Est. reading time":"1 minute"},"schema":{"@context":"https:\/\/schema.org","@graph":[{"@type":"Article","@id":"https:\/\/www.actioninnocencemonaco.com\/en\/peacejam-june-16th-17th-2018-lycee-technique-et-hotelier-de-monaco\/#article","isPartOf":{"@id":"https:\/\/www.actioninnocencemonaco.com\/en\/peacejam-june-16th-17th-2018-lycee-technique-et-hotelier-de-monaco\/"},"author":{"name":"adminmms","@id":"https:\/\/www.actioninnocencemonaco.com\/fr\/#\/schema\/person\/4f7d0854300b989f9164f7079607c95e"},"headline":"PEACEJAM &#8211; June 16th &#038; 17th 2018","datePublished":"2018-06-15T22:48:36+00:00","dateModified":"2019-11-04T03:56:32+00:00","mainEntityOfPage":{"@id":"https:\/\/www.actioninnocencemonaco.com\/en\/peacejam-june-16th-17th-2018-lycee-technique-et-hotelier-de-monaco\/"},"wordCount":197,"publisher":{"@id":"https:\/\/www.actioninnocencemonaco.com\/fr\/#organization"},"image":{"@id":"https:\/\/www.actioninnocencemonaco.com\/en\/peacejam-june-16th-17th-2018-lycee-technique-et-hotelier-de-monaco\/#primaryimage"},"thumbnailUrl":"https:\/\/mluscajs1eaw.i.optimole.com\/cb:cWFf.40cfa\/w:851\/h:315\/q:mauto\/ig:avif\/f:best\/https:\/\/www.actioninnocencemonaco.com\/wp-content\/uploads\/2019\/11\/peacejam.jpg","articleSection":{"1":"Events","2":"News","3":"Non classifi\u00e9(e)","4":"Ev\u00e9nements","5":"News","6":"#20ansAIMC","7":"Videos","8":"Campaigns","9":"Campaigns","10":"Videos","11":"Monaco"},"inLanguage":"en-US"},{"@type":"WebPage","@id":"https:\/\/www.actioninnocencemonaco.com\/en\/peacejam-june-16th-17th-2018-lycee-technique-et-hotelier-de-monaco\/","url":"https:\/\/www.actioninnocencemonaco.com\/en\/peacejam-june-16th-17th-2018-lycee-technique-et-hotelier-de-monaco\/","name":"PEACEJAM - June 16th & 17th 2018 - Action Innocence Monaco","isPartOf":{"@id":"https:\/\/www.actioninnocencemonaco.com\/fr\/#website"},"primaryImageOfPage":{"@id":"https:\/\/www.actioninnocencemonaco.com\/en\/peacejam-june-16th-17th-2018-lycee-technique-et-hotelier-de-monaco\/#primaryimage"},"image":{"@id":"https:\/\/www.actioninnocencemonaco.com\/en\/peacejam-june-16th-17th-2018-lycee-technique-et-hotelier-de-monaco\/#primaryimage"},"thumbnailUrl":"https:\/\/mluscajs1eaw.i.optimole.com\/cb:cWFf.40cfa\/w:851\/h:315\/q:mauto\/ig:avif\/f:best\/https:\/\/www.actioninnocencemonaco.com\/wp-content\/uploads\/2019\/11\/peacejam.jpg","datePublished":"2018-06-15T22:48:36+00:00","dateModified":"2019-11-04T03:56:32+00:00","description":"Action Innocence Monaco informe et de sensibilise les jeunes, les parents et les professionnels sur les risques et les d\u00e9rives li\u00e9s \u00e0 l\u2019usage d\u2019Internet et lutte contre la p\u00e9docriminalit\u00e9 sur Internet.","breadcrumb":{"@id":"https:\/\/www.actioninnocencemonaco.com\/en\/peacejam-june-16th-17th-2018-lycee-technique-et-hotelier-de-monaco\/#breadcrumb"},"inLanguage":"en-US","potentialAction":[{"@type":"ReadAction","target":["https:\/\/www.actioninnocencemonaco.com\/en\/peacejam-june-16th-17th-2018-lycee-technique-et-hotelier-de-monaco\/"]}]},{"@type":"ImageObject","inLanguage":"en-US","@id":"https:\/\/www.actioninnocencemonaco.com\/en\/peacejam-june-16th-17th-2018-lycee-technique-et-hotelier-de-monaco\/#primaryimage","url":"https:\/\/mluscajs1eaw.i.optimole.com\/cb:cWFf.40cfa\/w:851\/h:315\/q:mauto\/ig:avif\/f:best\/https:\/\/www.actioninnocencemonaco.com\/wp-content\/uploads\/2019\/11\/peacejam.jpg","contentUrl":"https:\/\/mluscajs1eaw.i.optimole.com\/cb:cWFf.40cfa\/w:851\/h:315\/q:mauto\/ig:avif\/f:best\/https:\/\/www.actioninnocencemonaco.com\/wp-content\/uploads\/2019\/11\/peacejam.jpg","width":851,"height":315},{"@type":"BreadcrumbList","@id":"https:\/\/www.actioninnocencemonaco.com\/en\/peacejam-june-16th-17th-2018-lycee-technique-et-hotelier-de-monaco\/#breadcrumb","itemListElement":[{"@type":"ListItem","position":1,"name":"Accueil","item":"https:\/\/www.actioninnocencemonaco.com\/en\/"},{"@type":"ListItem","position":2,"name":"PEACEJAM &#8211; June 16th &#038; 17th 2018"}]},{"@type":"WebSite","@id":"https:\/\/www.actioninnocencemonaco.com\/fr\/#website","url":"https:\/\/www.actioninnocencemonaco.com\/fr\/","name":"Action Innocence Monaco","description":"Oui \u00e0 L\u2019Internet, Non \u00e0 ses dangers !","publisher":{"@id":"https:\/\/www.actioninnocencemonaco.com\/fr\/#organization"},"potentialAction":[{"@type":"SearchAction","target":{"@type":"EntryPoint","urlTemplate":"https:\/\/www.actioninnocencemonaco.com\/fr\/?s={search_term_string}"},"query-input":"required name=search_term_string"}],"inLanguage":"en-US"},{"@type":"Organization","@id":"https:\/\/www.actioninnocencemonaco.com\/fr\/#organization","name":"Action Innocence Monaco","url":"https:\/\/www.actioninnocencemonaco.com\/fr\/","logo":{"@type":"ImageObject","inLanguage":"en-US","@id":"https:\/\/www.actioninnocencemonaco.com\/fr\/#\/schema\/logo\/image\/","url":"https:\/\/mluscajs1eaw.i.optimole.com\/cb:cWFf.40cfa\/w:auto\/h:auto\/q:mauto\/ig:avif\/f:best\/https:\/\/www.actioninnocencemonaco.com\/wp-content\/uploads\/2019\/10\/logo.png","contentUrl":"https:\/\/mluscajs1eaw.i.optimole.com\/cb:cWFf.40cfa\/w:auto\/h:auto\/q:mauto\/ig:avif\/f:best\/https:\/\/www.actioninnocencemonaco.com\/wp-content\/uploads\/2019\/10\/logo.png","width":250,"height":94,"caption":"Action Innocence Monaco"},"image":{"@id":"https:\/\/www.actioninnocencemonaco.com\/fr\/#\/schema\/logo\/image\/"},"sameAs":["https:\/\/www.facebook.com\/actioninnocencemonaco","https:\/\/x.com\/ActionMonaco","https:\/\/www.instagram.com\/action_innocence_monaco\/","https:\/\/www.linkedin.com\/in\/action-innocence-monaco-29219a198","https:\/\/www.youtube.com\/channel\/UCgDybl4ueHSrLRc0_9E1R8g"]},{"@type":"Person","@id":"https:\/\/www.actioninnocencemonaco.com\/fr\/#\/schema\/person\/4f7d0854300b989f9164f7079607c95e","name":"adminmms","image":{"@type":"ImageObject","inLanguage":"en-US","@id":"https:\/\/www.actioninnocencemonaco.com\/fr\/#\/schema\/person\/image\/","url":"\/\/www.gravatar.com\/avatar\/6b949bf3ac936ccca0e8a5c8171fde1a?s=96&#038;r=g&#038;d=mm","contentUrl":"\/\/www.gravatar.com\/avatar\/6b949bf3ac936ccca0e8a5c8171fde1a?s=96&#038;r=g&#038;d=mm","caption":"adminmms"},"url":"https:\/\/www.actioninnocencemonaco.com\/en\/\/membres\/adminmms\/"}]}},"_links":{"self":[{"href":"https:\/\/www.actioninnocencemonaco.com\/en\/wp-json\/wp\/v2\/posts\/5697\/"}],"collection":[{"href":"https:\/\/www.actioninnocencemonaco.com\/en\/wp-json\/wp\/v2\/posts\/"}],"about":[{"href":"https:\/\/www.actioninnocencemonaco.com\/en\/wp-json\/wp\/v2\/types\/post\/"}],"author":[{"embeddable":true,"href":"https:\/\/www.actioninnocencemonaco.com\/en\/wp-json\/wp\/v2\/users\/1\/"}],"replies":[{"embeddable":true,"href":"https:\/\/www.actioninnocencemonaco.com\/en\/wp-json\/wp\/v2\/comments\/?post=5697"}],"version-history":[{"count":0,"href":"https:\/\/www.actioninnocencemonaco.com\/en\/wp-json\/wp\/v2\/posts\/5697\/revisions\/"}],"wp:featuredmedia":[{"embeddable":true,"href":"https:\/\/www.actioninnocencemonaco.com\/en\/wp-json\/wp\/v2\/media\/6626\/"}],"wp:attachment":[{"href":"https:\/\/www.actioninnocencemonaco.com\/en\/wp-json\/wp\/v2\/media\/?parent=5697"}],"wp:term":[{"taxonomy":"category","embeddable":true,"href":"https:\/\/www.actioninnocencemonaco.com\/en\/wp-json\/wp\/v2\/categories\/?post=5697"},{"taxonomy":"post_tag","embeddable":true,"href":"https:\/\/www.actioninnocencemonaco.com\/en\/wp-json\/wp\/v2\/tags\/?post=5697"}],"curies":[{"name":"wp","href":"https:\/\/api.w.org\/{rel}","templated":true}]}}